{"id":102,"date":"2019-10-06T15:49:41","date_gmt":"2019-10-06T18:49:41","guid":{"rendered":"http:\/\/www2.uepg.br\/profei\/?p=102"},"modified":"2020-03-23T16:24:02","modified_gmt":"2020-03-23T19:24:02","slug":"lancado-o-mestrado-profissional-em-educacao-inclusiva-em-rede-nacional","status":"publish","type":"post","link":"https:\/\/www2.uepg.br\/profei\/lancado-o-mestrado-profissional-em-educacao-inclusiva-em-rede-nacional\/","title":{"rendered":"Lan\u00e7ado o Mestrado Profissional em Educa\u00e7\u00e3o Inclusiva em Rede Nacional"},"content":{"rendered":"<p dir=\"ltr\">A Universidade Estadual do Paran\u00e1 (Unespar) participou, na\u00a0 \u00faltima quarta-feira (25,) do lan\u00e7amento oficial do Mestrado Profissional em Educa\u00e7\u00e3o Inclusiva em Rede Nacional (Profei), realizada no campus de Presidente Prudente da Universidade Estadual Paulista (Unesp). Estavam presentes as professoras Roseneide Batista Cirino e Eromi Humel, coordenadora e a vice coordenadora, respectivamente, do Programa na Unespar.<\/p>\n<p dir=\"ltr\">Com processo seletivo a ser realizado ainda em 2019, o Profei iniciar\u00e1 suas atividades em mar\u00e7o de 2020, com a oferta de 150 vagas, sendo 22 para a Unespar, campus Paranava\u00ed. Em breve mais informa\u00e7\u00f5es ser\u00e3o divulgadas.\u00a0 Por ser incorporado ao Programa de Mestrados Profissionais para Professores da Educa\u00e7\u00e3o B\u00e1sica (ProEB), tendo como p\u00fablico alvo professores e gestores em exerc\u00edcio na Educa\u00e7\u00e3o B\u00e1sica, est\u00e1 constitu\u00eddo por 3 linhas de pesquisa: 1- Educa\u00e7\u00e3o Especial na Perspectiva da Educa\u00e7\u00e3o Inclusiva; 2 -Pr\u00e1ticas e Processos Formativos de Educadores para Educa\u00e7\u00e3o Inclusiva; e 3- Inova\u00e7\u00e3o Tecnol\u00f3gica e Tecnologia Assistiva. A Matriz Curricular oferta tr\u00eas disciplinas obrigat\u00f3rias e mais 22 disciplinas eletivas nas \u00e1reas da Gest\u00e3o, diversidade, pol\u00edticas p\u00fablicas, Educa\u00e7\u00e3o Especial, TDIC, Acessibilidade, entre outras.<\/p>\n<p dir=\"ltr\">Veja a not\u00edcia na \u00edntegra em:\u00a0<a href=\"http:\/\/www.unespar.edu.br\/noticias\/lancado-o-mestrado-profissional-em-educacao-inclusiva-em-rede-nacional\">http:\/\/www.unespar.edu.br\/noticias\/lancado-o-mestrado-profissional-em-educacao-inclusiva-em-rede-nacional<\/a><\/p>\n","protected":false},"excerpt":{"rendered":"<p>A Universidade Estadual do Paran\u00e1 (Unespar) participou, na\u00a0 \u00faltima quarta-feira (25,) do lan\u00e7amento oficial do Mestrado Profissional em Educa\u00e7\u00e3o Inclusiva em Rede Nacional (Profei), realizada no campus de Presidente Prudente da Universidade Estadual Paulista (Unesp). Estavam presentes as professoras Roseneide Batista Cirino e Eromi Humel, coordenadora e a vice coordenadora, respectivamente, do Programa na Unespar.&nbsp;&hellip;<\/p>\n","protected":false},"author":24,"featured_media":0,"comment_status":"closed","ping_status":"open","sticky":false,"template":"","format":"standard","meta":[],"categories":[3],"tags":[],"_links":{"self":[{"href":"https:\/\/www2.uepg.br\/profei\/wp-json\/wp\/v2\/posts\/102"}],"collection":[{"href":"https:\/\/www2.uepg.br\/profei\/wp-json\/wp\/v2\/posts"}],"about":[{"href":"https:\/\/www2.uepg.br\/profei\/wp-json\/wp\/v2\/types\/post"}],"author":[{"embeddable":true,"href":"https:\/\/www2.uepg.br\/profei\/wp-json\/wp\/v2\/users\/24"}],"replies":[{"embeddable":true,"href":"https:\/\/www2.uepg.br\/profei\/wp-json\/wp\/v2\/comments?post=102"}],"version-history":[{"count":4,"href":"https:\/\/www2.uepg.br\/profei\/wp-json\/wp\/v2\/posts\/102\/revisions"}],"predecessor-version":[{"id":130,"href":"https:\/\/www2.uepg.br\/profei\/wp-json\/wp\/v2\/posts\/102\/revisions\/130"}],"wp:attachment":[{"href":"https:\/\/www2.uepg.br\/profei\/wp-json\/wp\/v2\/media?parent=102"}],"wp:term":[{"taxonomy":"category","embeddable":true,"href":"https:\/\/www2.uepg.br\/profei\/wp-json\/wp\/v2\/categories?post=102"},{"taxonomy":"post_tag","embeddable":true,"href":"https:\/\/www2.uepg.br\/profei\/wp-json\/wp\/v2\/tags?post=102"}],"curies":[{"name":"wp","href":"https:\/\/api.w.org\/{rel}","templated":true}]}}