{"id":106,"date":"2019-10-08T15:54:08","date_gmt":"2019-10-08T18:54:08","guid":{"rendered":"http:\/\/www2.uepg.br\/profei\/?p=106"},"modified":"2020-03-23T15:54:39","modified_gmt":"2020-03-23T18:54:39","slug":"uepg-ofertara-mestrado-profissional-em-educacao-inclusiva","status":"publish","type":"post","link":"https:\/\/www2.uepg.br\/profei\/uepg-ofertara-mestrado-profissional-em-educacao-inclusiva\/","title":{"rendered":"UEPG ofertar\u00e1 mestrado profissional em educa\u00e7\u00e3o inclusiva"},"content":{"rendered":"<p>A Universidade Estadual de Ponta Grossa ofertar\u00e1 vagas no novo Programa de Mestrado Profissional em Educa\u00e7\u00e3o Inclusiva, coordenado pela Universidade Estadual Paulista J\u00falio de Mesquita Filho (Unesp). No dia 26 de setembro as professoras Rita de C\u00e1ssia da Silva Oliveira e Vera Lucia Martiniak, do Departamento de Educa\u00e7\u00e3o, participaram do lan\u00e7amento nacional do programa ocorrido na Universidade Estadual Paulista (Unesp), em Presidente Prudente (SP). O lan\u00e7amento contou com a presen\u00e7a do coordenador-geral de Programas e Cursos EAD da CAPES, Luiz Alberto Lira, representante da ABRUEM e das demais institui\u00e7\u00f5es parceiras.<\/p>\n<p>O curso ser\u00e1 realizado por meio de uma rede de institui\u00e7\u00f5es p\u00fablicas das 5 regi\u00f5es do pa\u00eds e com a participa\u00e7\u00e3o da Universidade Aberta de Portugal. No Brasil, al\u00e9m da UEPG, outras sete institui\u00e7\u00f5es integram a rede nacional do Profei: Universidade Estadual Paulista (UNESP), Universidade Estadual do Maranh\u00e3o (UEMA), Universidade do Estado de Mato Grosso (UNEMAT), Universidade Federal do Sul e Sudeste do Par\u00e1 (UNIFESSPA), Universidade Estadual de Maring\u00e1 (UEM), Universidade Estadual do Paran\u00e1 (UNESPAR) e Universidade do Estado de Santa Catarina (UDESC).<\/p>\n<p>O mestrado ser\u00e1 ofertado na modalidade semipresencial e \u00e9 voltado para professores efetivos em exerc\u00edcio na rede p\u00fablica de Educa\u00e7\u00e3o B\u00e1sica. Ser\u00e3o ofertadas 150 vagas para todo o pa\u00eds e as aulas ter\u00e3o in\u00edcio no m\u00eas de mar\u00e7o de 2020. As vagas ser\u00e3o distribu\u00eddas entre as institui\u00e7\u00f5es associadas conforme o n\u00famero de professores orientadores, com admiss\u00e3o por meio de exame nacional. Para a UEPG ser\u00e3o disponibilizadas 24 vagas.<\/p>\n<p>Para o Pr\u00f3-Reitor de Pesquisa e P\u00f3s-gradua\u00e7\u00e3o, Giovani F\u00e1vero, o novo programa vem fortalecer a institui\u00e7\u00e3o porque apresenta rela\u00e7\u00e3o ensino-pesquisa-extens\u00e3o em sua ess\u00eancia, com uma a\u00e7\u00e3o que envolve diretamente a sociedade.<\/p>\n<p><strong>O Mestrado Profissional em Educa\u00e7\u00e3o Inclusiva<\/strong><\/p>\n<p>O Programa de Mestrado Profissional em Educa\u00e7\u00e3o Inclusiva tem como objetivo desenvolver processo formativo profissional para uma sociedade inclusiva, com metodologias inovadoras para construir habilidades e compet\u00eancias dentro do ambiente escolar e em seu pr\u00f3prio cotidiano, tanto no contexto social, familiar e profissional.<\/p>\n<p>O curso de p\u00f3s-gradua\u00e7\u00e3o stricto sensu ter\u00e1 tr\u00eas linhas de pesquisa: Educa\u00e7\u00e3o Especial na Perspectiva da Educa\u00e7\u00e3o Inclusiva; Inova\u00e7\u00e3o Tecnol\u00f3gica e Tecnologia Assistiva; Pr\u00e1ticas e Processos Formativos de Educadores para Educa\u00e7\u00e3o Inclusiva<\/p>\n<p>A estrutura curricular ser\u00e1 composta por disciplinas obrigat\u00f3rias e eletivas que ser\u00e3o ofertadas nas institui\u00e7\u00f5es parceiras. As disciplinas ser\u00e3o voltadas para atender a demanda de forma\u00e7\u00e3o profissional dos professores e gestores em todo territ\u00f3rio nacional, em conson\u00e2ncia com as pol\u00edticas p\u00fablicas de inclus\u00e3o escolar e uso das tecnologias digitais de informa\u00e7\u00e3o e comunica\u00e7\u00e3o (TDIC).<\/p>\n<p>Para tanto, contar\u00e1 com uma metodologia diferenciada que contemplar\u00e1: educa\u00e7\u00e3o h\u00edbrida, ambiente virtual de aprendizagem (AVA) acess\u00edvel, materiais e atividades online ass\u00edncronas, atividades s\u00edncronas de videoconfer\u00eancia com professores do programa, intera\u00e7\u00e3o entre professores, tutores e estudantes, media\u00e7\u00e3o pedag\u00f3gica efetiva, dissemina\u00e7\u00e3o e compartilhamento de material de excel\u00eancia e acess\u00edvel, constitui\u00e7\u00e3o de uma rede de aprendizagem para constru\u00e7\u00e3o de conhecimento e compartilhamento de experi\u00eancias entre os participantes \u2013 docentes e mestrandos<\/p>\n","protected":false},"excerpt":{"rendered":"<p>A Universidade Estadual de Ponta Grossa ofertar\u00e1 vagas no novo Programa de Mestrado Profissional em Educa\u00e7\u00e3o Inclusiva, coordenado pela Universidade Estadual Paulista J\u00falio de Mesquita Filho (Unesp). No dia 26 de setembro as professoras Rita de C\u00e1ssia da Silva Oliveira e Vera Lucia Martiniak, do Departamento de Educa\u00e7\u00e3o, participaram do lan\u00e7amento nacional do programa ocorrido&nbsp;&hellip;<\/p>\n","protected":false},"author":24,"featured_media":0,"comment_status":"closed","ping_status":"open","sticky":false,"template":"","format":"standard","meta":[],"categories":[3],"tags":[],"_links":{"self":[{"href":"https:\/\/www2.uepg.br\/profei\/wp-json\/wp\/v2\/posts\/106"}],"collection":[{"href":"https:\/\/www2.uepg.br\/profei\/wp-json\/wp\/v2\/posts"}],"about":[{"href":"https:\/\/www2.uepg.br\/profei\/wp-json\/wp\/v2\/types\/post"}],"author":[{"embeddable":true,"href":"https:\/\/www2.uepg.br\/profei\/wp-json\/wp\/v2\/users\/24"}],"replies":[{"embeddable":true,"href":"https:\/\/www2.uepg.br\/profei\/wp-json\/wp\/v2\/comments?post=106"}],"version-history":[{"count":1,"href":"https:\/\/www2.uepg.br\/profei\/wp-json\/wp\/v2\/posts\/106\/revisions"}],"predecessor-version":[{"id":107,"href":"https:\/\/www2.uepg.br\/profei\/wp-json\/wp\/v2\/posts\/106\/revisions\/107"}],"wp:attachment":[{"href":"https:\/\/www2.uepg.br\/profei\/wp-json\/wp\/v2\/media?parent=106"}],"wp:term":[{"taxonomy":"category","embeddable":true,"href":"https:\/\/www2.uepg.br\/profei\/wp-json\/wp\/v2\/categories?post=106"},{"taxonomy":"post_tag","embeddable":true,"href":"https:\/\/www2.uepg.br\/profei\/wp-json\/wp\/v2\/tags?post=106"}],"curies":[{"name":"wp","href":"https:\/\/api.w.org\/{rel}","templated":true}]}}