{"id":1688,"date":"2026-03-11T16:41:37","date_gmt":"2026-03-11T19:41:37","guid":{"rendered":"https:\/\/www2.uepg.br\/profei\/?p=1688"},"modified":"2026-03-12T10:51:27","modified_gmt":"2026-03-12T13:51:27","slug":"edital-de-bolsas-disponivel","status":"publish","type":"post","link":"https:\/\/www2.uepg.br\/profei\/edital-de-bolsas-disponivel\/","title":{"rendered":"Edital de Bolsas Dispon\u00edvel!"},"content":{"rendered":"<div class=\"container-profei\">\n<h2 style=\"text-align: center\">GRANDE OPORTUNIDADE:<\/h2>\n<h2 style=\"text-align: center\">Saiu o Edital de Bolsas para o Profei\/UEPG 2026!<\/h2>\n<p>Ol\u00e1, mestrandos! Temos uma not\u00edcia excelente para quem est\u00e1 chegando agora na nossa turma de 2026. A coordena\u00e7\u00e3o do Profei da UEPG faz saber que est\u00e1 selecionando 11 mestrandos para o recebimento de bolsas CAPES.<\/p>\n<div class=\"destaque-bolsa\">As bolsas s\u00e3o destinadas a discentes regularmente matriculados no programa. Se voc\u00ea atua como docente na rede p\u00fablica de ensino b\u00e1sico, essa \u00e9 a sua chance de garantir esse apoio para os seus estudos!<\/div>\n<h3 style=\"text-align: left\">\ud83e\udd14 O que eu preciso saber?<\/h3>\n<p>A classifica\u00e7\u00e3o dos candidatos para a distribui\u00e7\u00e3o das bolsas ser\u00e1 feita com base em dois crit\u00e9rios principais:<\/p>\n<ul>\n<li style=\"text-align: justify;margin-bottom: 10px\"><strong>Crit\u00e9rio Socioecon\u00f4mico (Peso 6):<\/strong> Considera a m\u00e9dia da renda mensal de todo o n\u00facleo familiar que reside na mesma casa que o candidato.<\/li>\n<li style=\"text-align: justify;margin-bottom: 10px\"><strong>Crit\u00e9rio Acad\u00eamico (Peso 4):<\/strong> Baseia-se na nota obtida no Exame Nacional de Acesso.<\/li>\n<\/ul>\n<h3 style=\"text-align: left\">\ud83d\udcdd Como fa\u00e7o para participar?<\/h3>\n<p>As inscri\u00e7\u00f5es acontecem totalmente online e voc\u00ea deve ficar atento aos documentos necess\u00e1rios:<\/p>\n<ul>\n<li style=\"text-align: justify\"><strong>Prazo:<\/strong> De 12\/03\/2026 a 18\/03\/2026.<\/li>\n<li style=\"text-align: justify\"><strong>Inscri\u00e7\u00e3o:<\/strong> Deve ser feita via formul\u00e1rio online com o envio de documentos em PDF.<\/li>\n<li style=\"text-align: justify\"><strong>Documentos:<\/strong> Incluem declara\u00e7\u00e3o do diretor da escola, comprovante de renda de fevereiro de 2026, Plano de Trabalho e o termo de compromisso assinado via GOV.BR.<\/li>\n<\/ul>\n<h3 style=\"text-align: left\">\ud83d\udcc5 Cronograma Principal<\/h3>\n<table class=\"tabela-cronograma\">\n<thead>\n<tr>\n<th>Etapa<\/th>\n<th>Data<\/th>\n<\/tr>\n<\/thead>\n<tbody>\n<tr>\n<td>Inscri\u00e7\u00f5es (envio de documentos)<\/td>\n<td style=\"text-align: center\">12\/03 a 18\/03\/2026<\/td>\n<\/tr>\n<tr>\n<td>Divulga\u00e7\u00e3o da lista de aprovados<\/td>\n<td style=\"text-align: center\">24\/03\/2026<\/td>\n<\/tr>\n<tr>\n<td>Divulga\u00e7\u00e3o da lista final de bolsistas<\/td>\n<td style=\"text-align: center\">30\/03\/2026<\/td>\n<\/tr>\n<\/tbody>\n<\/table>\n<p>Essa \u00e9 uma oportunidade incr\u00edvel para fortalecer sua pesquisa e sua atua\u00e7\u00e3o na educa\u00e7\u00e3o inclusiva. N\u00e3o perca os prazos e organize sua documenta\u00e7\u00e3o!<\/p>\n<p style=\"text-align: center\"><a class=\"botao-edital\" href=\"http:\/\/www2.uepg.br\/profei\/wp-content\/uploads\/sites\/54\/2026\/03\/EditalBolsistas2026.pdf\" target=\"_blank\" rel=\"noopener\">\ud83d\udcc4 ACESSAR EDITAL COMPLETO (PDF)<\/a><\/p>\n<hr \/>\n<p style=\"text-align: center\"><small>Ponta Grossa, 11 de mar\u00e7o de 2026.<\/small><\/p>\n<\/div>\n","protected":false},"excerpt":{"rendered":"<p>GRANDE OPORTUNIDADE: Saiu o Edital de Bolsas para o Profei\/UEPG 2026! Ol\u00e1, mestrandos! Temos uma not\u00edcia excelente para quem est\u00e1 chegando agora na nossa turma de 2026. A coordena\u00e7\u00e3o do Profei da UEPG faz saber que est\u00e1 selecionando 11 mestrandos para o recebimento de bolsas CAPES. As bolsas s\u00e3o destinadas a discentes regularmente matriculados no&nbsp;&hellip;<\/p>\n","protected":false},"author":340,"featured_media":1690,"comment_status":"closed","ping_status":"open","sticky":false,"template":"","format":"standard","meta":[],"categories":[3],"tags":[],"_links":{"self":[{"href":"https:\/\/www2.uepg.br\/profei\/wp-json\/wp\/v2\/posts\/1688"}],"collection":[{"href":"https:\/\/www2.uepg.br\/profei\/wp-json\/wp\/v2\/posts"}],"about":[{"href":"https:\/\/www2.uepg.br\/profei\/wp-json\/wp\/v2\/types\/post"}],"author":[{"embeddable":true,"href":"https:\/\/www2.uepg.br\/profei\/wp-json\/wp\/v2\/users\/340"}],"replies":[{"embeddable":true,"href":"https:\/\/www2.uepg.br\/profei\/wp-json\/wp\/v2\/comments?post=1688"}],"version-history":[{"count":1,"href":"https:\/\/www2.uepg.br\/profei\/wp-json\/wp\/v2\/posts\/1688\/revisions"}],"predecessor-version":[{"id":1689,"href":"https:\/\/www2.uepg.br\/profei\/wp-json\/wp\/v2\/posts\/1688\/revisions\/1689"}],"wp:featuredmedia":[{"embeddable":true,"href":"https:\/\/www2.uepg.br\/profei\/wp-json\/wp\/v2\/media\/1690"}],"wp:attachment":[{"href":"https:\/\/www2.uepg.br\/profei\/wp-json\/wp\/v2\/media?parent=1688"}],"wp:term":[{"taxonomy":"category","embeddable":true,"href":"https:\/\/www2.uepg.br\/profei\/wp-json\/wp\/v2\/categories?post=1688"},{"taxonomy":"post_tag","embeddable":true,"href":"https:\/\/www2.uepg.br\/profei\/wp-json\/wp\/v2\/tags?post=1688"}],"curies":[{"name":"wp","href":"https:\/\/api.w.org\/{rel}","templated":true}]}}