{"id":243,"date":"2020-09-28T21:43:26","date_gmt":"2020-09-29T00:43:26","guid":{"rendered":"http:\/\/www2.uepg.br\/profei\/?p=243"},"modified":"2020-09-28T21:44:03","modified_gmt":"2020-09-29T00:44:03","slug":"uepg-inicia-processo-de-selecao-para-o-profei","status":"publish","type":"post","link":"https:\/\/www2.uepg.br\/profei\/uepg-inicia-processo-de-selecao-para-o-profei\/","title":{"rendered":"UEPG inicia processo de sele\u00e7\u00e3o para o PROFEI"},"content":{"rendered":"<p>Foram abertas as inscri\u00e7\u00f5es para alunos regulares para o Mestrado em Educa\u00e7\u00e3o Inclusiva com ingresso para o segundo semestre deste ano.<\/p>\n<p>O curso de p\u00f3s-gradua\u00e7\u00e3o integra o Sistema Universidade Aberta do Brasil (UAB) e ser\u00e1 ofertado por oito institui\u00e7\u00f5es de ensino superior que integram a rede.<\/p>\n<p>S\u00e3o oferecidas 150 vagas, distribu\u00eddas entre as institui\u00e7\u00f5es associadas, com admiss\u00e3o por meio do exame nacional. O curso \u00e9 voltado para candidatos licenciados e que comprovem doc\u00eancia na educa\u00e7\u00e3o b\u00e1sica nas redes p\u00fablicas de ensino.<\/p>\n<p>O curso visa &#8220;oferecer forma\u00e7\u00e3o continuada para professores em efetivo exerc\u00edcio na Rede P\u00fablica de Ensino da Educa\u00e7\u00e3o B\u00e1sica para que aprimorem seu repert\u00f3rio de conhecimentos e saberes, podendo promover o desenvolvimento em contextos educacionais, garantindo uma educa\u00e7\u00e3o inclusiva, com o intuito de contribuir para a melhoria da qualidade da educa\u00e7\u00e3o no Pa\u00eds&#8221;.<\/p>\n<p>S\u00e3o tr\u00eas linhas de pesquisa:<br \/>\nEduca\u00e7\u00e3o Especial na Perspectiva da Educa\u00e7\u00e3o Inclusiva<\/p>\n<p>Inova\u00e7\u00e3o Tecnol\u00f3gica e Tecnologia Assistiva<\/p>\n<p>Pr\u00e1ticas e Processos Formativos de Educadores para Educa\u00e7\u00e3o Inclusiva<\/p>\n<p><strong>Cronograma<\/strong><\/p>\n<p>A sele\u00e7\u00e3o ser\u00e1 totalmente online, abrangendo duas etapas eliminat\u00f3rias e classificat\u00f3rias: an\u00e1lise da carta de inten\u00e7\u00f5es, do projeto de pesquisa e do curr\u00edculo; e argui\u00e7\u00e3o virtual da carta de inten\u00e7\u00f5es e do projeto.<\/p>\n<p>O resultado final ser\u00e1 divulgado em 17 de outubro, e a matr\u00edcula dos aprovados ocorrer\u00e1 de 19 a 22 de outubro. A previs\u00e3o de in\u00edcio do curso \u00e9 26 de outubro.<\/p>\n<p>A dura\u00e7\u00e3o m\u00e1xima do mestrado \u00e9 de 24 meses, com 32 cr\u00e9ditos a serem cumpridos. O curso \u00e9 reconhecido pela Coordena\u00e7\u00e3o de Aperfei\u00e7oamento de Pessoal de N\u00edvel Superior (Capes).<\/p>\n","protected":false},"excerpt":{"rendered":"<p>Foram abertas as inscri\u00e7\u00f5es para alunos regulares para o Mestrado em Educa\u00e7\u00e3o Inclusiva com ingresso para o segundo semestre deste ano. O curso de p\u00f3s-gradua\u00e7\u00e3o integra o Sistema Universidade Aberta do Brasil (UAB) e ser\u00e1 ofertado por oito institui\u00e7\u00f5es de ensino superior que integram a rede. S\u00e3o oferecidas 150 vagas, distribu\u00eddas entre as institui\u00e7\u00f5es associadas,&nbsp;&hellip;<\/p>\n","protected":false},"author":138,"featured_media":0,"comment_status":"closed","ping_status":"open","sticky":false,"template":"","format":"standard","meta":[],"categories":[3],"tags":[],"_links":{"self":[{"href":"https:\/\/www2.uepg.br\/profei\/wp-json\/wp\/v2\/posts\/243"}],"collection":[{"href":"https:\/\/www2.uepg.br\/profei\/wp-json\/wp\/v2\/posts"}],"about":[{"href":"https:\/\/www2.uepg.br\/profei\/wp-json\/wp\/v2\/types\/post"}],"author":[{"embeddable":true,"href":"https:\/\/www2.uepg.br\/profei\/wp-json\/wp\/v2\/users\/138"}],"replies":[{"embeddable":true,"href":"https:\/\/www2.uepg.br\/profei\/wp-json\/wp\/v2\/comments?post=243"}],"version-history":[{"count":2,"href":"https:\/\/www2.uepg.br\/profei\/wp-json\/wp\/v2\/posts\/243\/revisions"}],"predecessor-version":[{"id":245,"href":"https:\/\/www2.uepg.br\/profei\/wp-json\/wp\/v2\/posts\/243\/revisions\/245"}],"wp:attachment":[{"href":"https:\/\/www2.uepg.br\/profei\/wp-json\/wp\/v2\/media?parent=243"}],"wp:term":[{"taxonomy":"category","embeddable":true,"href":"https:\/\/www2.uepg.br\/profei\/wp-json\/wp\/v2\/categories?post=243"},{"taxonomy":"post_tag","embeddable":true,"href":"https:\/\/www2.uepg.br\/profei\/wp-json\/wp\/v2\/tags?post=243"}],"curies":[{"name":"wp","href":"https:\/\/api.w.org\/{rel}","templated":true}]}}