{"id":399,"date":"2022-02-08T08:04:39","date_gmt":"2022-02-08T11:04:39","guid":{"rendered":"https:\/\/www2.uepg.br\/profei\/?p=399"},"modified":"2022-02-08T08:23:53","modified_gmt":"2022-02-08T11:23:53","slug":"mestrado-em-educacao-inclusiva-abre-processo-seletivo-para-2022","status":"publish","type":"post","link":"https:\/\/www2.uepg.br\/profei\/mestrado-em-educacao-inclusiva-abre-processo-seletivo-para-2022\/","title":{"rendered":"Mestrado em Educa\u00e7\u00e3o Inclusiva abre processo seletivo para 2022"},"content":{"rendered":"<p>O Programa de P\u00f3s-gradua\u00e7\u00e3o em Educa\u00e7\u00e3o Inclusiva da Universidade Estadual de Ponta Grossa (PROFEI\/UEPG) est\u00e1 com inscri\u00e7\u00f5es abertas para o processo seletivo de alunos regulares para o ano de 2022. As inscri\u00e7\u00f5es ter\u00e3o in\u00edcio no dia 9 de fevereiro e t\u00e9rmino no dia 10 de mar\u00e7o.<\/p>\n<p>O curso de p\u00f3s-gradua\u00e7\u00e3o integra o Sistema Universidade Aberta do Brasil (UAB) e ser\u00e1 ofertado pelas institui\u00e7\u00f5es que integram a rede: Universidade Estadual de Ponta Grossa, Universidade Estadual de Maring\u00e1, Universidade Estadual do Paran\u00e1, Universidade do Estado de Santa Catarina, Universidade Estadual Paulista J\u00falio de Mesquita Filho, Universidade Federal de S\u00e3o Paulo, Universidade Estadual do Maranh\u00e3o, Universidade Estadual da Para\u00edba, Universidade de Pernambuco, Universidade Federal do Sul e Sudeste do Par\u00e1, Universidade Federal de Roraima, Universidade Federal do Amap\u00e1, Universidade do Estado de Mato Grosso e Universidade Federal do Mato Grosso.<\/p>\n<p>A coordenadora do PROFEI\/UEPG, prof\u00aa Dr\u00aa Rita de C\u00e1ssia da Silva Oliveira destaca que o objetivo \u00e9 \u201coferecer forma\u00e7\u00e3o continuada para professores em efetivo exerc\u00edcio na rede p\u00fablica de ensino da educa\u00e7\u00e3o b\u00e1sica para que aprimorem seu repert\u00f3rio de conhecimentos e saberes, podendo promover o desenvolvimento em contextos educacionais, garantindo uma educa\u00e7\u00e3o inclusiva, com o intuito de contribuir para a melhoria da qualidade da educa\u00e7\u00e3o no pa\u00eds\u201d.<\/p>\n<p>Ser\u00e3o oferecidas 206 vagas, distribu\u00eddas entre as institui\u00e7\u00f5es associadas, com admiss\u00e3o por meio do exame nacional. Neste processo seletivo a UEPG ir\u00e1 ofertar 27 vagas, sendo uma destinada para candidatos com defici\u00eancia. O curso \u00e9 voltado para candidatos licenciados e que comprovem doc\u00eancia na educa\u00e7\u00e3o b\u00e1sica nas redes p\u00fablicas de ensino.<\/p>\n<p>S\u00e3o tr\u00eas linhas de pesquisa:<\/p>\n<p>Educa\u00e7\u00e3o Especial na Perspectiva da Educa\u00e7\u00e3o Inclusiva<\/p>\n<p>Inova\u00e7\u00e3o Tecnol\u00f3gica e Tecnologia Assistiva<\/p>\n<p>Pr\u00e1ticas e Processos Formativos de Educadores para Educa\u00e7\u00e3o Inclusiva<\/p>\n<p>&nbsp;<\/p>\n<p>Mais informa\u00e7\u00f5es est\u00e3o dispon\u00edveis nos editais, no\u00a0<a href=\"https:\/\/www2.uepg.br\/ppgz\/editais\/\">site do Programa<\/a>: www2.uepg.br\/profei<\/p>\n","protected":false},"excerpt":{"rendered":"<p>O Programa de P\u00f3s-gradua\u00e7\u00e3o em Educa\u00e7\u00e3o Inclusiva da Universidade Estadual de Ponta Grossa (PROFEI\/UEPG) est\u00e1 com inscri\u00e7\u00f5es abertas para o processo seletivo de alunos regulares para o ano de 2022. As inscri\u00e7\u00f5es ter\u00e3o in\u00edcio no dia 9 de fevereiro e t\u00e9rmino no dia 10 de mar\u00e7o. O curso de p\u00f3s-gradua\u00e7\u00e3o integra o Sistema Universidade Aberta&nbsp;&hellip;<\/p>\n","protected":false},"author":138,"featured_media":0,"comment_status":"closed","ping_status":"open","sticky":false,"template":"","format":"standard","meta":[],"categories":[3],"tags":[],"_links":{"self":[{"href":"https:\/\/www2.uepg.br\/profei\/wp-json\/wp\/v2\/posts\/399"}],"collection":[{"href":"https:\/\/www2.uepg.br\/profei\/wp-json\/wp\/v2\/posts"}],"about":[{"href":"https:\/\/www2.uepg.br\/profei\/wp-json\/wp\/v2\/types\/post"}],"author":[{"embeddable":true,"href":"https:\/\/www2.uepg.br\/profei\/wp-json\/wp\/v2\/users\/138"}],"replies":[{"embeddable":true,"href":"https:\/\/www2.uepg.br\/profei\/wp-json\/wp\/v2\/comments?post=399"}],"version-history":[{"count":3,"href":"https:\/\/www2.uepg.br\/profei\/wp-json\/wp\/v2\/posts\/399\/revisions"}],"predecessor-version":[{"id":402,"href":"https:\/\/www2.uepg.br\/profei\/wp-json\/wp\/v2\/posts\/399\/revisions\/402"}],"wp:attachment":[{"href":"https:\/\/www2.uepg.br\/profei\/wp-json\/wp\/v2\/media?parent=399"}],"wp:term":[{"taxonomy":"category","embeddable":true,"href":"https:\/\/www2.uepg.br\/profei\/wp-json\/wp\/v2\/categories?post=399"},{"taxonomy":"post_tag","embeddable":true,"href":"https:\/\/www2.uepg.br\/profei\/wp-json\/wp\/v2\/tags?post=399"}],"curies":[{"name":"wp","href":"https:\/\/api.w.org\/{rel}","templated":true}]}}