{"id":1559,"date":"2020-01-27T09:53:53","date_gmt":"2020-01-27T12:53:53","guid":{"rendered":"http:\/\/www2.uepg.br\/prograd\/?p=1559"},"modified":"2021-03-09T13:00:25","modified_gmt":"2021-03-09T16:00:25","slug":"inscricoes-prorrogadas-ate-o-dia-07-de-fevereiro-curso-de-mestre-de-cerimonia-e-recepcionista-para-atuacao-na-formatura-institucional","status":"publish","type":"post","link":"https:\/\/www2.uepg.br\/prograd\/inscricoes-prorrogadas-ate-o-dia-07-de-fevereiro-curso-de-mestre-de-cerimonia-e-recepcionista-para-atuacao-na-formatura-institucional\/","title":{"rendered":"INSCRI\u00c7\u00d5ES PRORROGADAS &#8211; CURSO DE MESTRE DE CERIM\u00d4NIA E RECEPCIONISTA PARA ATUA\u00c7\u00c3O NA FORMATURA INSTITUCIONAL"},"content":{"rendered":"<p>A Pr\u00f3-Reitoria de Gradua\u00e7\u00e3o, a Pr\u00f3-Reitoria de Assuntos Estudantis e o Cerimonial da UEPG, no uso de suas atribui\u00e7\u00f5es, para atender \u00e0s necessidades da execu\u00e7\u00e3o das cerim\u00f4nias de formatura institucional, tornam p\u00fablico o edital para:Cursos de Forma\u00e7\u00e3o para atuar como MESTRE DE CERIM\u00d4NIA e como RECEPCIONISTA nas solenidades das formaturas institucionais da UEPG a serem realizadas no per\u00edodo de 02 a 06 de mar\u00e7o de 2020.<\/p>\n<p><strong><span style=\"color: #ff0000\">INSCRI\u00c7\u00d5ES PRORROGADAS!<\/span><\/strong><\/p>\n<p><a href=\"http:\/\/www2.uepg.br\/prograd\/wp-content\/uploads\/sites\/19\/2019\/12\/publicar_Edital-Equipe-para-atuar-nas-Formaturas-versao-revisada.pdf\"><strong>Clique aqui para acessar o Edital.<\/strong><\/a><\/p>\n<p><strong>LINKS PARA INSCRI\u00c7\u00c3O:<\/strong><\/p>\n<p><a href=\"https:\/\/siseve.apps.uepg.br\/mestredecerimoniaUEPG\">CURSO DE MESTRE DE CERIM\u00d4NIA<\/a><\/p>\n<p><a href=\"https:\/\/siseve.apps.uepg.br\/recepcionistaUEPG\">CURSO DE RECEPCIONISTA<\/a><\/p>\n","protected":false},"excerpt":{"rendered":"<p>A Pr\u00f3-Reitoria de Gradua\u00e7\u00e3o, a Pr\u00f3-Reitoria de Assuntos Estudantis e o Cerimonial da UEPG, no uso de suas atribui\u00e7\u00f5es, para atender \u00e0s necessidades da execu\u00e7\u00e3o das cerim\u00f4nias de formatura institucional, tornam p\u00fablico o edital para:Cursos de Forma\u00e7\u00e3o para atuar como MESTRE DE CERIM\u00d4NIA e como RECEPCIONISTA nas solenidades das formaturas institucionais da UEPG a serem&nbsp;&hellip;<\/p>\n","protected":false},"author":49,"featured_media":0,"comment_status":"closed","ping_status":"closed","sticky":false,"template":"","format":"standard","meta":[],"categories":[3],"tags":[],"_links":{"self":[{"href":"https:\/\/www2.uepg.br\/prograd\/wp-json\/wp\/v2\/posts\/1559"}],"collection":[{"href":"https:\/\/www2.uepg.br\/prograd\/wp-json\/wp\/v2\/posts"}],"about":[{"href":"https:\/\/www2.uepg.br\/prograd\/wp-json\/wp\/v2\/types\/post"}],"author":[{"embeddable":true,"href":"https:\/\/www2.uepg.br\/prograd\/wp-json\/wp\/v2\/users\/49"}],"replies":[{"embeddable":true,"href":"https:\/\/www2.uepg.br\/prograd\/wp-json\/wp\/v2\/comments?post=1559"}],"version-history":[{"count":3,"href":"https:\/\/www2.uepg.br\/prograd\/wp-json\/wp\/v2\/posts\/1559\/revisions"}],"predecessor-version":[{"id":1563,"href":"https:\/\/www2.uepg.br\/prograd\/wp-json\/wp\/v2\/posts\/1559\/revisions\/1563"}],"wp:attachment":[{"href":"https:\/\/www2.uepg.br\/prograd\/wp-json\/wp\/v2\/media?parent=1559"}],"wp:term":[{"taxonomy":"category","embeddable":true,"href":"https:\/\/www2.uepg.br\/prograd\/wp-json\/wp\/v2\/categories?post=1559"},{"taxonomy":"post_tag","embeddable":true,"href":"https:\/\/www2.uepg.br\/prograd\/wp-json\/wp\/v2\/tags?post=1559"}],"curies":[{"name":"wp","href":"https:\/\/api.w.org\/{rel}","templated":true}]}}