{"id":3543,"date":"2023-10-23T09:45:35","date_gmt":"2023-10-23T12:45:35","guid":{"rendered":"https:\/\/www2.uepg.br\/propesp\/?p=3543"},"modified":"2025-04-24T16:18:25","modified_gmt":"2025-04-24T19:18:25","slug":"defesa-publica-de-dissertacao-mestrado-em-estudos-da-linguagem-38","status":"publish","type":"post","link":"https:\/\/www2.uepg.br\/propesp\/defesa-publica-de-dissertacao-mestrado-em-estudos-da-linguagem-38\/","title":{"rendered":"Defesa p\u00fablica de Disserta\u00e7\u00e3o: Mestrado em Estudos da Linguagem"},"content":{"rendered":"<p style=\"text-align: center\"><strong>\u201c<\/strong><b>ESTUDO SOBRE A TRANSLINGUAGEM EM IMIGRANTES VENEZUELANOS RESIDENTES NA CIDADE\u00a0<\/b><b>DE BOA VISTA &#8211; RORAIMA<\/b><strong style=\"text-align: center\">\u201d<\/strong><\/p>\n<p style=\"text-align: center\"><b>Alessandra Moraes de Andrade Claros <\/b><\/p>\n<div class=\"post-content-inner\" style=\"text-align: center\">\n<div class=\"col-padding\">\n<p><strong>Banca Examinadora:<\/strong><\/p>\n<p>&nbsp;<\/p>\n<p>Prof\u00aa Dr\u00aa Valeska Gracioso Carlos\u00a0<b>\u2013\u00a0<\/b>UEPG \u2013 Presidente (Orientadora)<\/p>\n<p>Prof\u00aa Dr\u00aa\u00a0Cl\u00f3ris Porto Torquato\u00a0\u2013 UEPG \u2013 Membro interno<\/p>\n<p>Prof. Dr.\u00a0Carlos Felipe da Concei\u00e7\u00e3o Pinto \u2013 UFB \u2013 Membro externo<\/p>\n<p>Prof\u00aa Dr\u00aa Lucimar Araujo Braga \u2013 UEPG &#8211; Suplente interno<\/p>\n<p>Prof\u00aa Dr\u00aa Greice Castela \u2013 UNIOESTE &#8211; Suplente externo<\/p>\n<p>&nbsp;<\/p>\n<\/div>\n<p><b>Dia 26 de outubro de 2023, \u00e0s 9h30 &#8211; Bloco B, Sala 108 &#8211; UEPG Central <\/b><\/p>\n<p>&nbsp;<\/p>\n<\/div>\n<h5 style=\"text-align: center\"><\/h5>\n","protected":false},"excerpt":{"rendered":"<p>\u201cESTUDO SOBRE A TRANSLINGUAGEM EM IMIGRANTES VENEZUELANOS RESIDENTES NA CIDADE\u00a0DE BOA VISTA &#8211; RORAIMA\u201d Alessandra Moraes de Andrade Claros Banca Examinadora: &nbsp; Prof\u00aa Dr\u00aa Valeska Gracioso Carlos\u00a0\u2013\u00a0UEPG \u2013 Presidente (Orientadora) Prof\u00aa Dr\u00aa\u00a0Cl\u00f3ris Porto Torquato\u00a0\u2013 UEPG \u2013 Membro interno Prof. Dr.\u00a0Carlos Felipe da Concei\u00e7\u00e3o Pinto \u2013 UFB \u2013 Membro externo Prof\u00aa Dr\u00aa Lucimar Araujo Braga \u2013&nbsp;&hellip;<\/p>\n","protected":false},"author":117,"featured_media":0,"comment_status":"closed","ping_status":"open","sticky":false,"template":"","format":"standard","meta":[],"categories":[10],"tags":[],"_links":{"self":[{"href":"https:\/\/www2.uepg.br\/propesp\/wp-json\/wp\/v2\/posts\/3543"}],"collection":[{"href":"https:\/\/www2.uepg.br\/propesp\/wp-json\/wp\/v2\/posts"}],"about":[{"href":"https:\/\/www2.uepg.br\/propesp\/wp-json\/wp\/v2\/types\/post"}],"author":[{"embeddable":true,"href":"https:\/\/www2.uepg.br\/propesp\/wp-json\/wp\/v2\/users\/117"}],"replies":[{"embeddable":true,"href":"https:\/\/www2.uepg.br\/propesp\/wp-json\/wp\/v2\/comments?post=3543"}],"version-history":[{"count":3,"href":"https:\/\/www2.uepg.br\/propesp\/wp-json\/wp\/v2\/posts\/3543\/revisions"}],"predecessor-version":[{"id":3546,"href":"https:\/\/www2.uepg.br\/propesp\/wp-json\/wp\/v2\/posts\/3543\/revisions\/3546"}],"wp:attachment":[{"href":"https:\/\/www2.uepg.br\/propesp\/wp-json\/wp\/v2\/media?parent=3543"}],"wp:term":[{"taxonomy":"category","embeddable":true,"href":"https:\/\/www2.uepg.br\/propesp\/wp-json\/wp\/v2\/categories?post=3543"},{"taxonomy":"post_tag","embeddable":true,"href":"https:\/\/www2.uepg.br\/propesp\/wp-json\/wp\/v2\/tags?post=3543"}],"curies":[{"name":"wp","href":"https:\/\/api.w.org\/{rel}","templated":true}]}}