{"id":3574,"date":"2023-11-09T11:00:31","date_gmt":"2023-11-09T14:00:31","guid":{"rendered":"https:\/\/www2.uepg.br\/propesp\/?p=3574"},"modified":"2025-04-24T16:18:04","modified_gmt":"2025-04-24T19:18:04","slug":"defesa-publica-de-dissertacao-mestrado-em-estudos-da-linguagem-41","status":"publish","type":"post","link":"https:\/\/www2.uepg.br\/propesp\/defesa-publica-de-dissertacao-mestrado-em-estudos-da-linguagem-41\/","title":{"rendered":"Defesa p\u00fablica de Disserta\u00e7\u00e3o: Mestrado em Estudos da Linguagem"},"content":{"rendered":"<p style=\"text-align: center\"><strong>\u201cUMA VIA DE M\u00c3O DUPLA: COMO FORMAR FUTUROS PROFESSORES QUE CONSIGAM TRABALHAR COM O PRECONCEITO LINGU\u00cdSTICO\u00a0<\/strong><strong>NA TEORIA E NA PR\u00c1TICA EM SALA DE AULA?<\/strong><strong>\u201d<\/strong><\/p>\n<p style=\"text-align: center\"><strong>Adriely Alberty Reichert Gomes de Almeida<\/strong><\/p>\n<div class=\"post-content-inner\">\n<div class=\"col-padding\" style=\"text-align: center\">\n<p><strong>Banca Examinadora:<\/strong><\/p>\n<p>Prof\u00aa Dr\u00aa Valeska Gracioso Carlos <b>\u2013\u00a0<\/b>UEPG \u2013 Presidente (Orientadora)<\/p>\n<p>Prof\u00aa Dr\u00aa Lucimar Araujo Braga \u2013 UEPG \u2013 Membro interno<\/p>\n<p>Prof\u00aa Dr\u00aa\u00a0Beatriz Aparecida Alencar \u2013 IFMS\/UFMS \u2013 Membro externo<\/p>\n<p>Prof\u00aa Dr\u00aa Leticia Fraga \u2013 UEPG \u2013 Suplente interno<\/p>\n<p>Prof\u00aa Dr\u00aa Greice Silva Castela \u2013 UNIOESTE \u2013 Suplente externo<\/p>\n<p>&nbsp;<\/p>\n<\/div>\n<h6 style=\"text-align: center\">Dia 17 de novembro de 2023 \u00e0s 14 horas &#8211; Google Meet<\/h6>\n<h6 style=\"text-align: center\"><em>Link<\/em> para participa\u00e7\u00e3o: <a href=\"https:\/\/meet.google.com\/bvk-msfq-kby\"><strong>https:\/\/meet.google.com\/bvk-msfq-kby<\/strong><\/a><\/h6>\n<\/div>\n","protected":false},"excerpt":{"rendered":"<p>\u201cUMA VIA DE M\u00c3O DUPLA: COMO FORMAR FUTUROS PROFESSORES QUE CONSIGAM TRABALHAR COM O PRECONCEITO LINGU\u00cdSTICO\u00a0NA TEORIA E NA PR\u00c1TICA EM SALA DE AULA?\u201d Adriely Alberty Reichert Gomes de Almeida Banca Examinadora: Prof\u00aa Dr\u00aa Valeska Gracioso Carlos \u2013\u00a0UEPG \u2013 Presidente (Orientadora) Prof\u00aa Dr\u00aa Lucimar Araujo Braga \u2013 UEPG \u2013 Membro interno Prof\u00aa Dr\u00aa\u00a0Beatriz Aparecida Alencar&nbsp;&hellip;<\/p>\n","protected":false},"author":117,"featured_media":0,"comment_status":"closed","ping_status":"open","sticky":false,"template":"","format":"standard","meta":[],"categories":[10],"tags":[],"_links":{"self":[{"href":"https:\/\/www2.uepg.br\/propesp\/wp-json\/wp\/v2\/posts\/3574"}],"collection":[{"href":"https:\/\/www2.uepg.br\/propesp\/wp-json\/wp\/v2\/posts"}],"about":[{"href":"https:\/\/www2.uepg.br\/propesp\/wp-json\/wp\/v2\/types\/post"}],"author":[{"embeddable":true,"href":"https:\/\/www2.uepg.br\/propesp\/wp-json\/wp\/v2\/users\/117"}],"replies":[{"embeddable":true,"href":"https:\/\/www2.uepg.br\/propesp\/wp-json\/wp\/v2\/comments?post=3574"}],"version-history":[{"count":5,"href":"https:\/\/www2.uepg.br\/propesp\/wp-json\/wp\/v2\/posts\/3574\/revisions"}],"predecessor-version":[{"id":3576,"href":"https:\/\/www2.uepg.br\/propesp\/wp-json\/wp\/v2\/posts\/3574\/revisions\/3576"}],"wp:attachment":[{"href":"https:\/\/www2.uepg.br\/propesp\/wp-json\/wp\/v2\/media?parent=3574"}],"wp:term":[{"taxonomy":"category","embeddable":true,"href":"https:\/\/www2.uepg.br\/propesp\/wp-json\/wp\/v2\/categories?post=3574"},{"taxonomy":"post_tag","embeddable":true,"href":"https:\/\/www2.uepg.br\/propesp\/wp-json\/wp\/v2\/tags?post=3574"}],"curies":[{"name":"wp","href":"https:\/\/api.w.org\/{rel}","templated":true}]}}