{"id":4012,"date":"2024-08-01T14:00:49","date_gmt":"2024-08-01T17:00:49","guid":{"rendered":"https:\/\/www2.uepg.br\/propesp\/?p=4012"},"modified":"2025-04-24T16:15:13","modified_gmt":"2025-04-24T19:15:13","slug":"defesa-publica-de-dissertacao-mestrado-em-estudos-da-linguagem-47","status":"publish","type":"post","link":"https:\/\/www2.uepg.br\/propesp\/defesa-publica-de-dissertacao-mestrado-em-estudos-da-linguagem-47\/","title":{"rendered":"Defesa p\u00fablica de Disserta\u00e7\u00e3o: Mestrado em Estudos da Linguagem"},"content":{"rendered":"<p style=\"text-align: center\"><strong>&#8220;A CONSTRU\u00c7\u00c3O DA IDENTIDADE FEMININA NA D\u00c9CADA DE 30, BASEADA NA OBRA DE DAVID EBERSHOFF&#8221; A GAROTA DINAMARQUESA<\/strong><\/p>\n<p style=\"text-align: center\"><strong>Mayara Godoy Mendes<\/strong><\/p>\n<p>&nbsp;<\/p>\n<div class=\"post-content-inner\">\n<div class=\"col-padding\" style=\"text-align: center\">\n<p><strong>Banca Examinadora:<\/strong><\/p>\n<p>&nbsp;<\/p>\n<p>Prof\u00aa Dr\u00aa Marly Catarina Soares \u2013 UEPG \u2013 Presidente (Orientadora)<\/p>\n<p>Prof\u00aa Dr\u00aa Silvana Oliveira \u2013 UEPG \u2013 Membro interno<\/p>\n<p>Prof\u00aa Dr\u00aa Cleide Ant\u00f4nia Rapucci \u2013 UNESP FCL\/Assis \u2013 Membro externo<\/p>\n<p>Prof\u00aa Dr\u00aa Keli Cristina Pacheco \u2013 UEPG \u2013 Suplente interno<\/p>\n<p>Prof\u00aa Dr\u00aa Suely Leite \u2013 UEL \u2013 Suplente externo<\/p>\n<p>&nbsp;<\/p>\n<\/div>\n<h6 style=\"text-align: center\">Dia 21 de agosto de 2024 \u00e0s 14h30 &#8211;\u00a0 \u2013 via<em>\u00a0Google Meet<\/em><\/h6>\n<h6 style=\"text-align: center\"><em>Link<\/em> para participa\u00e7\u00e3o: <a href=\"http:\/\/meet.google.com\/sqq-btwd-twa\">http:\/\/meet.google.com\/sqq-btwd-twa<\/a><\/h6>\n<\/div>\n","protected":false},"excerpt":{"rendered":"<p>&#8220;A CONSTRU\u00c7\u00c3O DA IDENTIDADE FEMININA NA D\u00c9CADA DE 30, BASEADA NA OBRA DE DAVID EBERSHOFF&#8221; A GAROTA DINAMARQUESA Mayara Godoy Mendes &nbsp; Banca Examinadora: &nbsp; Prof\u00aa Dr\u00aa Marly Catarina Soares \u2013 UEPG \u2013 Presidente (Orientadora) Prof\u00aa Dr\u00aa Silvana Oliveira \u2013 UEPG \u2013 Membro interno Prof\u00aa Dr\u00aa Cleide Ant\u00f4nia Rapucci \u2013 UNESP FCL\/Assis \u2013 Membro externo&nbsp;&hellip;<\/p>\n","protected":false},"author":117,"featured_media":0,"comment_status":"closed","ping_status":"open","sticky":false,"template":"","format":"standard","meta":[],"categories":[10],"tags":[],"_links":{"self":[{"href":"https:\/\/www2.uepg.br\/propesp\/wp-json\/wp\/v2\/posts\/4012"}],"collection":[{"href":"https:\/\/www2.uepg.br\/propesp\/wp-json\/wp\/v2\/posts"}],"about":[{"href":"https:\/\/www2.uepg.br\/propesp\/wp-json\/wp\/v2\/types\/post"}],"author":[{"embeddable":true,"href":"https:\/\/www2.uepg.br\/propesp\/wp-json\/wp\/v2\/users\/117"}],"replies":[{"embeddable":true,"href":"https:\/\/www2.uepg.br\/propesp\/wp-json\/wp\/v2\/comments?post=4012"}],"version-history":[{"count":5,"href":"https:\/\/www2.uepg.br\/propesp\/wp-json\/wp\/v2\/posts\/4012\/revisions"}],"predecessor-version":[{"id":4015,"href":"https:\/\/www2.uepg.br\/propesp\/wp-json\/wp\/v2\/posts\/4012\/revisions\/4015"}],"wp:attachment":[{"href":"https:\/\/www2.uepg.br\/propesp\/wp-json\/wp\/v2\/media?parent=4012"}],"wp:term":[{"taxonomy":"category","embeddable":true,"href":"https:\/\/www2.uepg.br\/propesp\/wp-json\/wp\/v2\/categories?post=4012"},{"taxonomy":"post_tag","embeddable":true,"href":"https:\/\/www2.uepg.br\/propesp\/wp-json\/wp\/v2\/tags?post=4012"}],"curies":[{"name":"wp","href":"https:\/\/api.w.org\/{rel}","templated":true}]}}