{"id":4153,"date":"2024-10-02T10:10:57","date_gmt":"2024-10-02T13:10:57","guid":{"rendered":"https:\/\/www2.uepg.br\/propesp\/?p=4153"},"modified":"2025-04-24T16:14:25","modified_gmt":"2025-04-24T19:14:25","slug":"defesa-publica-de-dissertacao-mestrado-em-estudos-da-linguagem-48","status":"publish","type":"post","link":"https:\/\/www2.uepg.br\/propesp\/defesa-publica-de-dissertacao-mestrado-em-estudos-da-linguagem-48\/","title":{"rendered":"Defesa p\u00fablica de Disserta\u00e7\u00e3o: Mestrado em Estudos da Linguagem"},"content":{"rendered":"<p style=\"text-align: center\"><strong>\u201cLETRAMENTOS OBRIGAT\u00d3RIOS E ESPERADOS PARA A DOC\u00caNCIA DE L\u00cdNGUA ESPANHOLA: UMA<br \/>\nPESQUISA BIBLIOGR\u00c1FICA\u201d\u00a0<\/strong><\/p>\n<p style=\"text-align: center\"><strong>Larissa de Medeiros<\/strong><\/p>\n<div class=\"post-content-inner\">\n<div class=\"col-padding\" style=\"text-align: center\">\n<p><strong>Banca Examinadora:<\/strong><\/p>\n<p>&nbsp;<\/p>\n<p>Prof\u00aa Dr\u00aa\u00a0Valeska Gracioso Carlos \u2013 UEPG \u2013 Presidente (Orientadora)<\/p>\n<p>Prof\u00aa Dr\u00aa Lucimar Araujo Braga \u2013 UEPG \u2013 Membro interno<\/p>\n<p>Prof. Dr.\u00a0Paulo C\u00e9sar Fachin \u2013 UNIOESTE \u2013 Membro externo<\/p>\n<p>Prof\u00aa Dr\u00aa Let\u00edcia Fraga &#8211; UEPG &#8211; Suplente interno<\/p>\n<p>Prof\u00aa Dr\u00aa Greice Silva Castela &#8211; UNIOESTE &#8211; Suplente externa<\/p>\n<p>&nbsp;<\/p>\n<h6>Dia 4 de outubro de 2024 \u00e0s 14 horas \u2013 via<em>\u00a0Google Meet<\/em><\/h6>\n<\/div>\n<h6 style=\"text-align: center\"><em>Link<\/em> para participa\u00e7\u00e3o:\u00a0<a href=\"https:\/\/meet.google.com\/pno-ejbz-iqb\">https:\/\/meet.google.com\/pno-ejbz-iqb<\/a><\/h6>\n<\/div>\n","protected":false},"excerpt":{"rendered":"<p>\u201cLETRAMENTOS OBRIGAT\u00d3RIOS E ESPERADOS PARA A DOC\u00caNCIA DE L\u00cdNGUA ESPANHOLA: UMA PESQUISA BIBLIOGR\u00c1FICA\u201d\u00a0 Larissa de Medeiros Banca Examinadora: &nbsp; Prof\u00aa Dr\u00aa\u00a0Valeska Gracioso Carlos \u2013 UEPG \u2013 Presidente (Orientadora) Prof\u00aa Dr\u00aa Lucimar Araujo Braga \u2013 UEPG \u2013 Membro interno Prof. Dr.\u00a0Paulo C\u00e9sar Fachin \u2013 UNIOESTE \u2013 Membro externo Prof\u00aa Dr\u00aa Let\u00edcia Fraga &#8211; UEPG &#8211; Suplente&nbsp;&hellip;<\/p>\n","protected":false},"author":117,"featured_media":0,"comment_status":"closed","ping_status":"open","sticky":false,"template":"","format":"standard","meta":[],"categories":[10],"tags":[],"_links":{"self":[{"href":"https:\/\/www2.uepg.br\/propesp\/wp-json\/wp\/v2\/posts\/4153"}],"collection":[{"href":"https:\/\/www2.uepg.br\/propesp\/wp-json\/wp\/v2\/posts"}],"about":[{"href":"https:\/\/www2.uepg.br\/propesp\/wp-json\/wp\/v2\/types\/post"}],"author":[{"embeddable":true,"href":"https:\/\/www2.uepg.br\/propesp\/wp-json\/wp\/v2\/users\/117"}],"replies":[{"embeddable":true,"href":"https:\/\/www2.uepg.br\/propesp\/wp-json\/wp\/v2\/comments?post=4153"}],"version-history":[{"count":4,"href":"https:\/\/www2.uepg.br\/propesp\/wp-json\/wp\/v2\/posts\/4153\/revisions"}],"predecessor-version":[{"id":4156,"href":"https:\/\/www2.uepg.br\/propesp\/wp-json\/wp\/v2\/posts\/4153\/revisions\/4156"}],"wp:attachment":[{"href":"https:\/\/www2.uepg.br\/propesp\/wp-json\/wp\/v2\/media?parent=4153"}],"wp:term":[{"taxonomy":"category","embeddable":true,"href":"https:\/\/www2.uepg.br\/propesp\/wp-json\/wp\/v2\/categories?post=4153"},{"taxonomy":"post_tag","embeddable":true,"href":"https:\/\/www2.uepg.br\/propesp\/wp-json\/wp\/v2\/tags?post=4153"}],"curies":[{"name":"wp","href":"https:\/\/api.w.org\/{rel}","templated":true}]}}