{"id":4243,"date":"2024-11-29T11:44:49","date_gmt":"2024-11-29T14:44:49","guid":{"rendered":"https:\/\/www2.uepg.br\/propesp\/?p=4243"},"modified":"2025-04-24T16:13:48","modified_gmt":"2025-04-24T19:13:48","slug":"uepg-abre-selecao-para-mestrado-em-economia-com-inicio-em-2025","status":"publish","type":"post","link":"https:\/\/www2.uepg.br\/propesp\/uepg-abre-selecao-para-mestrado-em-economia-com-inicio-em-2025\/","title":{"rendered":"UEPG abre sele\u00e7\u00e3o para Mestrado em Economia com in\u00edcio em 2025"},"content":{"rendered":"<p>O Programa de P\u00f3s-Gradua\u00e7\u00e3o em Economia anunciou a abertura das inscri\u00e7\u00f5es para o processo seletivo do Mestrado em Economia, turma de 2025. O edital oferece at\u00e9 12 vagas, incluindo uma reservada para pessoas com defici\u00eancia, conforme a legisla\u00e7\u00e3o estadual. Podem se candidatar graduados de qualquer \u00e1rea que atendam aos requisitos previstos no edital. As inscri\u00e7\u00f5es estar\u00e3o abertas no per\u00edodo de<strong> dias 5 a 15 de dezembro de 2024<\/strong>, sendo realizadas exclusivamente por meio do Sistema ACAD.<\/p>\n<p>O processo seletivo ser\u00e1 composto por uma prova presencial no dia 3 de fevereiro de 2025, \u00e0s 14 horas, no Campus Central da UEPG. A avalia\u00e7\u00e3o abranger\u00e1 conhecimentos em macroeconomia, microeconomia, estat\u00edstica e matem\u00e1tica, com 30 quest\u00f5es objetivas e dura\u00e7\u00e3o de cinco horas e o resultado final ser\u00e1 divulgado no dia 5 de fevereiro de 2025.<\/p>\n<p>O curso funcionar\u00e1 em regime integral, com atividades nos turnos da manh\u00e3 e tarde. Os interessados devem consultar o <a href=\"https:\/\/www2.uepg.br\/propesp\/wp-content\/uploads\/sites\/41\/2024\/11\/EDITAL-No-09-DE-2024-.pdf\">edital completo<\/a>\u00a0e preparar a documenta\u00e7\u00e3o exigida, que inclui diploma ou declara\u00e7\u00e3o de conclus\u00e3o da gradua\u00e7\u00e3o e curr\u00edculo Lattes atualizado. Mais informa\u00e7\u00f5es podem ser obtidas no site oficial do programa (<a href=\"https:\/\/www2.uepg.br\/ppgeco\" target=\"_new\" rel=\"noopener\">https:\/\/www2.uepg.br\/ppgeco<\/a>), pelo e-mail <strong><a href=\"mailto:ppgeco@uepg.br\" rel=\"noopener\">ppgeco@uepg.br<\/a><\/strong> ou pelo telefone (42) 3220-3322.<\/p>\n","protected":false},"excerpt":{"rendered":"<p>O Programa de P\u00f3s-Gradua\u00e7\u00e3o em Economia anunciou a abertura das inscri\u00e7\u00f5es para o processo seletivo do Mestrado em Economia, turma de 2025. O edital oferece at\u00e9 12 vagas, incluindo uma reservada para pessoas com defici\u00eancia, conforme a legisla\u00e7\u00e3o estadual. Podem se candidatar graduados de qualquer \u00e1rea que atendam aos requisitos previstos no edital. As inscri\u00e7\u00f5es&nbsp;&hellip;<\/p>\n","protected":false},"author":117,"featured_media":0,"comment_status":"closed","ping_status":"open","sticky":false,"template":"","format":"standard","meta":[],"categories":[10],"tags":[],"_links":{"self":[{"href":"https:\/\/www2.uepg.br\/propesp\/wp-json\/wp\/v2\/posts\/4243"}],"collection":[{"href":"https:\/\/www2.uepg.br\/propesp\/wp-json\/wp\/v2\/posts"}],"about":[{"href":"https:\/\/www2.uepg.br\/propesp\/wp-json\/wp\/v2\/types\/post"}],"author":[{"embeddable":true,"href":"https:\/\/www2.uepg.br\/propesp\/wp-json\/wp\/v2\/users\/117"}],"replies":[{"embeddable":true,"href":"https:\/\/www2.uepg.br\/propesp\/wp-json\/wp\/v2\/comments?post=4243"}],"version-history":[{"count":3,"href":"https:\/\/www2.uepg.br\/propesp\/wp-json\/wp\/v2\/posts\/4243\/revisions"}],"predecessor-version":[{"id":4247,"href":"https:\/\/www2.uepg.br\/propesp\/wp-json\/wp\/v2\/posts\/4243\/revisions\/4247"}],"wp:attachment":[{"href":"https:\/\/www2.uepg.br\/propesp\/wp-json\/wp\/v2\/media?parent=4243"}],"wp:term":[{"taxonomy":"category","embeddable":true,"href":"https:\/\/www2.uepg.br\/propesp\/wp-json\/wp\/v2\/categories?post=4243"},{"taxonomy":"post_tag","embeddable":true,"href":"https:\/\/www2.uepg.br\/propesp\/wp-json\/wp\/v2\/tags?post=4243"}],"curies":[{"name":"wp","href":"https:\/\/api.w.org\/{rel}","templated":true}]}}