{"id":4266,"date":"2024-12-11T10:13:52","date_gmt":"2024-12-11T13:13:52","guid":{"rendered":"https:\/\/www2.uepg.br\/propesp\/?p=4266"},"modified":"2025-04-24T16:13:41","modified_gmt":"2025-04-24T19:13:41","slug":"uepg-abre-inscricoes-para-disciplinas-isoladas-no-1o-semestre-de-2025-no-programa-de-pos-graduacao-em-estudos-da-linguagem","status":"publish","type":"post","link":"https:\/\/www2.uepg.br\/propesp\/uepg-abre-inscricoes-para-disciplinas-isoladas-no-1o-semestre-de-2025-no-programa-de-pos-graduacao-em-estudos-da-linguagem\/","title":{"rendered":"UEPG abre inscri\u00e7\u00f5es para Disciplinas Isoladas no 1\u00ba Semestre de 2025 no Programa de P\u00f3s-Gradua\u00e7\u00e3o em Estudos da Linguagem"},"content":{"rendered":"<p><span style=\"font-family: Times New Roman, serif\">A Universidade Estadual de Ponta Grossa (UEPG), por meio da Coordena\u00e7\u00e3o do Programa de P\u00f3s-Gradua\u00e7\u00e3o em Estudos da Linguagem, anunciou a abertura das inscri\u00e7\u00f5es para disciplinas isoladas no 1\u00ba semestre de 2025. O processo visa permitir a participa\u00e7\u00e3o de estudantes externos interessados em ampliar seus conhecimentos nas \u00e1reas de &#8220;Estudos Liter\u00e1rios&#8221; e &#8220;Estudos Lingu\u00edsticos&#8221;, sendo ofertadas disciplinas com vagas limitadas.<\/span><\/p>\n<p><strong><span style=\"font-family: Times New Roman, serif\">Inscri\u00e7\u00f5es<\/span><\/strong><\/p>\n<ul>\n<li><strong><span style=\"font-family: Times New Roman, serif\">Per\u00edodo<\/span><\/strong><span style=\"font-family: Times New Roman, serif\">: 05 a 07 de fevereiro de 2025<\/span><\/li>\n<li><strong><span style=\"font-family: Times New Roman, serif\">Local<\/span><\/strong><span style=\"font-family: Times New Roman, serif\">: Via Sistema Eletr\u00f4nico de Informa\u00e7\u00f5es (SEI) no site https:\/\/sei.uepg.br\/ (usu\u00e1rio externo)<\/span><\/li>\n<\/ul>\n<p><span style=\"font-family: Times New Roman, serif\">Para mais informa\u00e7\u00f5es, acesse o\u00a0<a href=\"https:\/\/www2.uepg.br\/propesp\/wp-content\/uploads\/sites\/41\/2024\/12\/EDITAL-No-54-DE-2024-INSCRICOES-PARA-DISCIPLINAS-ISOLADAS-1o-SEMESTRE-2025.pdf\">Edital Completo<\/a>\u00a0ou entre em contato com a Secretaria do Programa de P\u00f3s-Gradua\u00e7\u00e3o em Estudos da Linguagem da UEPG pelo telefone (42)3220-3321<\/span><\/p>\n","protected":false},"excerpt":{"rendered":"<p>A Universidade Estadual de Ponta Grossa (UEPG), por meio da Coordena\u00e7\u00e3o do Programa de P\u00f3s-Gradua\u00e7\u00e3o em Estudos da Linguagem, anunciou a abertura das inscri\u00e7\u00f5es para disciplinas isoladas no 1\u00ba semestre de 2025. O processo visa permitir a participa\u00e7\u00e3o de estudantes externos interessados em ampliar seus conhecimentos nas \u00e1reas de &#8220;Estudos Liter\u00e1rios&#8221; e &#8220;Estudos Lingu\u00edsticos&#8221;, sendo&nbsp;&hellip;<\/p>\n","protected":false},"author":758,"featured_media":0,"comment_status":"closed","ping_status":"open","sticky":false,"template":"","format":"standard","meta":[],"categories":[10],"tags":[],"_links":{"self":[{"href":"https:\/\/www2.uepg.br\/propesp\/wp-json\/wp\/v2\/posts\/4266"}],"collection":[{"href":"https:\/\/www2.uepg.br\/propesp\/wp-json\/wp\/v2\/posts"}],"about":[{"href":"https:\/\/www2.uepg.br\/propesp\/wp-json\/wp\/v2\/types\/post"}],"author":[{"embeddable":true,"href":"https:\/\/www2.uepg.br\/propesp\/wp-json\/wp\/v2\/users\/758"}],"replies":[{"embeddable":true,"href":"https:\/\/www2.uepg.br\/propesp\/wp-json\/wp\/v2\/comments?post=4266"}],"version-history":[{"count":1,"href":"https:\/\/www2.uepg.br\/propesp\/wp-json\/wp\/v2\/posts\/4266\/revisions"}],"predecessor-version":[{"id":4268,"href":"https:\/\/www2.uepg.br\/propesp\/wp-json\/wp\/v2\/posts\/4266\/revisions\/4268"}],"wp:attachment":[{"href":"https:\/\/www2.uepg.br\/propesp\/wp-json\/wp\/v2\/media?parent=4266"}],"wp:term":[{"taxonomy":"category","embeddable":true,"href":"https:\/\/www2.uepg.br\/propesp\/wp-json\/wp\/v2\/categories?post=4266"},{"taxonomy":"post_tag","embeddable":true,"href":"https:\/\/www2.uepg.br\/propesp\/wp-json\/wp\/v2\/tags?post=4266"}],"curies":[{"name":"wp","href":"https:\/\/api.w.org\/{rel}","templated":true}]}}