{"id":4269,"date":"2024-12-11T15:07:48","date_gmt":"2024-12-11T18:07:48","guid":{"rendered":"https:\/\/www2.uepg.br\/propesp\/?p=4269"},"modified":"2025-04-24T16:13:34","modified_gmt":"2025-04-24T19:13:34","slug":"abertas-as-inscricoes-para-mestrado-em-engenharia-e-ciencia-de-materiais-1o-semestre-de-2025","status":"publish","type":"post","link":"https:\/\/www2.uepg.br\/propesp\/abertas-as-inscricoes-para-mestrado-em-engenharia-e-ciencia-de-materiais-1o-semestre-de-2025\/","title":{"rendered":"Abertas as inscri\u00e7\u00f5es para Mestrado em Engenharia e Ci\u00eancia de Materiais 1\u00ba Semestre de 2025"},"content":{"rendered":"<p><span style=\"font-family: Times New Roman, serif\">A Universidade Estadual de Ponta Grossa (UEPG) anunciou a abertura do processo seletivo para o Mestrado em Engenharia e Ci\u00eancia de Materiais (PPGECM) para o primeiro semestre de 2025. O programa de mestrado tem como \u00e1rea de concentra\u00e7\u00e3o o \u201c<b>Desenvolvimento e Caracteriza\u00e7\u00e3o de Materiais<\/b>\u201d, com linhas de pesquisa em Processamento, Caracteriza\u00e7\u00e3o e Degrada\u00e7\u00e3o de Materiais.<\/span><\/p>\n<p><span style=\"font-family: Times New Roman, serif\"><b>Inscri\u00e7\u00f5es<\/b><\/span><\/p>\n<ul>\n<li><strong><span style=\"font-family: Times New Roman, serif\">Per\u00edodo<\/span><\/strong><span style=\"font-family: Times New Roman, serif\">: 0<\/span><span style=\"font-family: Times New Roman, serif\">9 de dezembro de 2024 a 03 de fevereiro de 2025<\/span><\/li>\n<li><strong><span style=\"font-family: Times New Roman, serif\">Local<\/span><\/strong><span style=\"font-family: Times New Roman, serif\">: poder\u00e3o ser realizadas exclusivamente por e-mail<\/span><\/li>\n<\/ul>\n<p align=\"justify\"><span style=\"font-family: Times New Roman, serif\">O processo de sele\u00e7\u00e3o ser\u00e1 composto pelas etapas a seguir: an\u00e1lise da documenta\u00e7\u00e3o e prova escrita presencial, al\u00e9m de entrevista por videoconfer\u00eancia. <\/span><\/p>\n<p><span style=\"font-family: Times New Roman, serif\">Mais informa\u00e7\u00f5es, incluindo a lista de documentos exigidos e o contato dos orientadores, est\u00e3o dispon\u00edveis no <a href=\"https:\/\/www2.uepg.br\/propesp\/wp-content\/uploads\/sites\/41\/2024\/12\/Edital-28-2024-1a-Selecao-2025-MESTRADO-2.pdf\">Edital Completo.<\/a><\/span><\/p>\n<p>&nbsp;<\/p>\n","protected":false},"excerpt":{"rendered":"<p>A Universidade Estadual de Ponta Grossa (UEPG) anunciou a abertura do processo seletivo para o Mestrado em Engenharia e Ci\u00eancia de Materiais (PPGECM) para o primeiro semestre de 2025. O programa de mestrado tem como \u00e1rea de concentra\u00e7\u00e3o o \u201cDesenvolvimento e Caracteriza\u00e7\u00e3o de Materiais\u201d, com linhas de pesquisa em Processamento, Caracteriza\u00e7\u00e3o e Degrada\u00e7\u00e3o de Materiais.&nbsp;&hellip;<\/p>\n","protected":false},"author":758,"featured_media":0,"comment_status":"closed","ping_status":"open","sticky":false,"template":"","format":"standard","meta":[],"categories":[10],"tags":[],"_links":{"self":[{"href":"https:\/\/www2.uepg.br\/propesp\/wp-json\/wp\/v2\/posts\/4269"}],"collection":[{"href":"https:\/\/www2.uepg.br\/propesp\/wp-json\/wp\/v2\/posts"}],"about":[{"href":"https:\/\/www2.uepg.br\/propesp\/wp-json\/wp\/v2\/types\/post"}],"author":[{"embeddable":true,"href":"https:\/\/www2.uepg.br\/propesp\/wp-json\/wp\/v2\/users\/758"}],"replies":[{"embeddable":true,"href":"https:\/\/www2.uepg.br\/propesp\/wp-json\/wp\/v2\/comments?post=4269"}],"version-history":[{"count":3,"href":"https:\/\/www2.uepg.br\/propesp\/wp-json\/wp\/v2\/posts\/4269\/revisions"}],"predecessor-version":[{"id":4275,"href":"https:\/\/www2.uepg.br\/propesp\/wp-json\/wp\/v2\/posts\/4269\/revisions\/4275"}],"wp:attachment":[{"href":"https:\/\/www2.uepg.br\/propesp\/wp-json\/wp\/v2\/media?parent=4269"}],"wp:term":[{"taxonomy":"category","embeddable":true,"href":"https:\/\/www2.uepg.br\/propesp\/wp-json\/wp\/v2\/categories?post=4269"},{"taxonomy":"post_tag","embeddable":true,"href":"https:\/\/www2.uepg.br\/propesp\/wp-json\/wp\/v2\/tags?post=4269"}],"curies":[{"name":"wp","href":"https:\/\/api.w.org\/{rel}","templated":true}]}}