{"id":453,"date":"2019-05-31T16:29:46","date_gmt":"2019-05-31T19:29:46","guid":{"rendered":"https:\/\/www2.uepg.br\/sebisa\/?p=453"},"modified":"2021-04-15T16:29:56","modified_gmt":"2021-04-15T19:29:56","slug":"convocacao-de-eleicao-para-escolha-de-representante-docente-junto-ao-colegiado-setorial","status":"publish","type":"post","link":"https:\/\/www2.uepg.br\/sebisa\/convocacao-de-eleicao-para-escolha-de-representante-docente-junto-ao-colegiado-setorial\/","title":{"rendered":"Convoca\u00e7\u00e3o de elei\u00e7\u00e3o para escolha de Representante Docente junto ao Colegiado Setorial."},"content":{"rendered":"<p style=\"text-align: center;\"><a href=\"http:\/\/www2.uepg.br\/sebisa\/wp-content\/uploads\/sites\/183\/2021\/04\/Edital-No-11-Representante-Docente-SEBISA.pdf\">Edital N\u00ba 11 \u2013 Representante Docente SEBISARep. Docente<\/a><\/p>\n","protected":false},"excerpt":{"rendered":"<p>Edital N\u00ba 11 \u2013 Representante Docente SEBISARep. Docente<\/p>\n","protected":false},"author":305,"featured_media":0,"comment_status":"closed","ping_status":"open","sticky":false,"template":"","format":"standard","meta":[],"categories":[2],"tags":[],"_links":{"self":[{"href":"https:\/\/www2.uepg.br\/sebisa\/wp-json\/wp\/v2\/posts\/453"}],"collection":[{"href":"https:\/\/www2.uepg.br\/sebisa\/wp-json\/wp\/v2\/posts"}],"about":[{"href":"https:\/\/www2.uepg.br\/sebisa\/wp-json\/wp\/v2\/types\/post"}],"author":[{"embeddable":true,"href":"https:\/\/www2.uepg.br\/sebisa\/wp-json\/wp\/v2\/users\/305"}],"replies":[{"embeddable":true,"href":"https:\/\/www2.uepg.br\/sebisa\/wp-json\/wp\/v2\/comments?post=453"}],"version-history":[{"count":1,"href":"https:\/\/www2.uepg.br\/sebisa\/wp-json\/wp\/v2\/posts\/453\/revisions"}],"predecessor-version":[{"id":455,"href":"https:\/\/www2.uepg.br\/sebisa\/wp-json\/wp\/v2\/posts\/453\/revisions\/455"}],"wp:attachment":[{"href":"https:\/\/www2.uepg.br\/sebisa\/wp-json\/wp\/v2\/media?parent=453"}],"wp:term":[{"taxonomy":"category","embeddable":true,"href":"https:\/\/www2.uepg.br\/sebisa\/wp-json\/wp\/v2\/categories?post=453"},{"taxonomy":"post_tag","embeddable":true,"href":"https:\/\/www2.uepg.br\/sebisa\/wp-json\/wp\/v2\/tags?post=453"}],"curies":[{"name":"wp","href":"https:\/\/api.w.org\/{rel}","templated":true}]}}