{"id":1280,"date":"2021-09-07T19:20:08","date_gmt":"2021-09-07T22:20:08","guid":{"rendered":"https:\/\/www2.uepg.br\/turismo\/?p=1280"},"modified":"2021-09-07T19:25:58","modified_gmt":"2021-09-07T22:25:58","slug":"ii-congreso-internacional-de-investigacion-en-turismo-2022","status":"publish","type":"post","link":"https:\/\/www2.uepg.br\/turismo\/ii-congreso-internacional-de-investigacion-en-turismo-2022\/","title":{"rendered":"II Congreso Internacional de Investigaci\u00f3n en Turismo 2022"},"content":{"rendered":"<p>A Faculdade de Administra\u00e7\u00e3o de Turismo e Hotelaria da Universidade Externado da Col\u00f4mbia promover\u00e1 o <strong>II Congresso Internacional de Pesquisa em Turismo: Crise e incerteza no turismo do s\u00e9culo XXI: cen\u00e1rios e perspectivas<\/strong>, cujo eixo central se concentrar\u00e1 em novos cen\u00e1rios e perspectivas rumo \u00e0 transforma\u00e7\u00e3o que hoje enfrenta o setor. O evento ser\u00e1 organizado pela segunda vez na cidade de Bogot\u00e1 &#8211; Col\u00f4mbia <strong>nos dias 11, 12 e 13 de maio de 2022<\/strong>, em um formato misto (presencial e virtual).<\/p>\n<p>O Congresso pretende ser um espa\u00e7o de debate onde se concretize a troca e divulga\u00e7\u00e3o de conhecimentos e experi\u00eancias em turismo a n\u00edvel internacional, nacional e regional, convergindo as m\u00faltiplas perspectivas que se v\u00eam desenvolvendo neste setor do ponto de vista cient\u00edfico, educacional, produtivo, gest\u00e3o e desenvolvimento onde necessariamente convergem temas transversais atuais como transforma\u00e7\u00e3o e mudan\u00e7a em diferentes cen\u00e1rios de crise e incerteza. Da mesma forma, foi concebido como uma oportunidade para o setor de turismo, a academia e a pesquisa se conectarem.<\/p>\n<p>O principal objetivo do evento \u00e9 reunir acad\u00eamicos, pesquisadores, professores e profissionais do turismo interessados \u200b\u200bem refletir sobre os novos cen\u00e1rios e perspectivas de transforma\u00e7\u00e3o e mudan\u00e7a do setor tur\u00edstico para o futuro, levando em conta n\u00e3o apenas a conjuntura social e econ\u00f4mica associada \u00e0 pandemia global causada pela COVID-19, mas \u00e0 complexidade do contexto global e aos desafios para o cumprimento dos Objetivos de Desenvolvimento Sustent\u00e1vel (ODS). Al\u00e9m de fomentar o debate sobre a cria\u00e7\u00e3o e desenvolvimento de experi\u00eancias inovadoras que promovam o desenvolvimento sustent\u00e1vel do turismo a n\u00edvel nacional e internacional, reconhecendo e trabalhando em conjunto com todos os atores que interv\u00eam nos territ\u00f3rios.<\/p>\n<p>Melhores informa\u00e7\u00f5es e inscri\u00e7\u00f5es podem ser acessadas <a href=\"https:\/\/www.uexternado.edu.co\/micrositio\/administracion-de-empresas-turisticas-y-hoteleras\/ii-congreso-internacional-de-investigacion-en-turismo-2022\/\">clicando aqui<\/a>!<\/p>\n<p><img loading=\"lazy\" class=\"aligncenter wp-image-1282 size-full\" src=\"http:\/\/www2.uepg.br\/turismo\/wp-content\/uploads\/sites\/21\/2021\/09\/body_09.jpg\" alt=\"\" width=\"1200\" height=\"920\" srcset=\"https:\/\/www2.uepg.br\/turismo\/wp-content\/uploads\/sites\/21\/2021\/09\/body_09.jpg 1200w, https:\/\/www2.uepg.br\/turismo\/wp-content\/uploads\/sites\/21\/2021\/09\/body_09-300x230.jpg 300w, https:\/\/www2.uepg.br\/turismo\/wp-content\/uploads\/sites\/21\/2021\/09\/body_09-1024x785.jpg 1024w, https:\/\/www2.uepg.br\/turismo\/wp-content\/uploads\/sites\/21\/2021\/09\/body_09-768x589.jpg 768w\" sizes=\"(max-width: 1200px) 100vw, 1200px\" \/><\/p>\n","protected":false},"excerpt":{"rendered":"<p>A Faculdade de Administra\u00e7\u00e3o de Turismo e Hotelaria da Universidade Externado da Col\u00f4mbia promover\u00e1 o II Congresso Internacional de Pesquisa em Turismo: Crise e incerteza no turismo do s\u00e9culo XXI: cen\u00e1rios e perspectivas, cujo eixo central se concentrar\u00e1 em novos cen\u00e1rios e perspectivas rumo \u00e0 transforma\u00e7\u00e3o que hoje enfrenta o setor. O evento ser\u00e1 organizado&nbsp;&hellip;<\/p>\n","protected":false},"author":64,"featured_media":1284,"comment_status":"closed","ping_status":"closed","sticky":false,"template":"","format":"standard","meta":[],"categories":[6],"tags":[146,43,151],"_links":{"self":[{"href":"https:\/\/www2.uepg.br\/turismo\/wp-json\/wp\/v2\/posts\/1280"}],"collection":[{"href":"https:\/\/www2.uepg.br\/turismo\/wp-json\/wp\/v2\/posts"}],"about":[{"href":"https:\/\/www2.uepg.br\/turismo\/wp-json\/wp\/v2\/types\/post"}],"author":[{"embeddable":true,"href":"https:\/\/www2.uepg.br\/turismo\/wp-json\/wp\/v2\/users\/64"}],"replies":[{"embeddable":true,"href":"https:\/\/www2.uepg.br\/turismo\/wp-json\/wp\/v2\/comments?post=1280"}],"version-history":[{"count":3,"href":"https:\/\/www2.uepg.br\/turismo\/wp-json\/wp\/v2\/posts\/1280\/revisions"}],"predecessor-version":[{"id":1286,"href":"https:\/\/www2.uepg.br\/turismo\/wp-json\/wp\/v2\/posts\/1280\/revisions\/1286"}],"wp:featuredmedia":[{"embeddable":true,"href":"https:\/\/www2.uepg.br\/turismo\/wp-json\/wp\/v2\/media\/1284"}],"wp:attachment":[{"href":"https:\/\/www2.uepg.br\/turismo\/wp-json\/wp\/v2\/media?parent=1280"}],"wp:term":[{"taxonomy":"category","embeddable":true,"href":"https:\/\/www2.uepg.br\/turismo\/wp-json\/wp\/v2\/categories?post=1280"},{"taxonomy":"post_tag","embeddable":true,"href":"https:\/\/www2.uepg.br\/turismo\/wp-json\/wp\/v2\/tags?post=1280"}],"curies":[{"name":"wp","href":"https:\/\/api.w.org\/{rel}","templated":true}]}}