{"id":374,"date":"2011-02-16T15:29:29","date_gmt":"2011-02-16T17:29:29","guid":{"rendered":"http:\/\/www2.uepg.br\/turismo\/?p=374"},"modified":"2021-03-09T13:02:59","modified_gmt":"2021-03-09T16:02:59","slug":"capitulos-do-livro-patrimonio-natural-dos-campos-gerais","status":"publish","type":"post","link":"https:\/\/www2.uepg.br\/turismo\/capitulos-do-livro-patrimonio-natural-dos-campos-gerais\/","title":{"rendered":"Cap\u00edtulos do Livro Patrim\u00f4nio Natural dos Campos Gerais"},"content":{"rendered":"<p class=\"post-title entry-title\"><span style=\"font-size: 16px\">Seguem links de alguns cap\u00edtulos do livro Patrim\u00f4nio Natural dos Campos Gerais, que teve cap\u00edtulos escritos em coautoria da Prof. Jasmine!<\/span><\/p>\n<div class=\"post-body entry-content\">\n<div>Capitulo de livro:\u00a0 Unidades de Conserva\u00e7\u00e3o dos Campos Gerais<\/div>\n<div><a href=\"http:\/\/ri.uepg.br:8080\/riuepg\/bitstream\/handle\/123456789\/465\/CAP%c3%8dTULO21_UnidadesConservacaoCampos.pdf?sequence=1\">http:\/\/ri.uepg.br:8080\/riuepg\/bitstream\/handle\/123456789\/465\/CAP%c3%8dTULO21_UnidadesConservacaoCampos.pdf?sequence=1<\/a><\/div>\n<div><\/div>\n<div>Cap\u00edtulo de livro:\u00a0 O patrim\u00f4nio natural dos Campos Gerais e a sustentabilidade regional <a href=\"http:\/\/ri.uepg.br:8080\/riuepg\/bitstream\/handle\/123456789\/467\/CAP%c3%8dTULO23_PatrimonioNaturalCampos.pdf?sequence=1\" target=\"_blank\" rel=\"noopener noreferrer\">http:\/\/ri.uepg.br:8080\/riuepg\/bitstream\/handle\/123456789\/467\/CAP%c3%8dTULO23_PatrimonioNaturalCampos.pdf?sequence=1<\/a><\/div>\n<div>Capitulo de livro: Empreendimentos sustent\u00e1veis e patrim\u00f4nio natural e cultural dos Campos Gerais: possibilidades de desenvolvimento regional por meio da economia solid\u00e1ria e de novas tecnologias sociais\u00a0<a href=\"http:\/\/ri.uepg.br:8080\/riuepg\/bitstream\/handle\/123456789\/466\/CAP%c3%8dTULO22_EmpreendimentosSustentaveisPatrimonio.pdf?sequence=1\" target=\"_blank\" rel=\"noopener noreferrer\">http:\/\/ri.uepg.br:8080\/riuepg\/bitstream\/handle\/123456789\/466\/CAP%c3%8dTULO22_EmpreendimentosSustentaveisPatrimonio.pdf?sequence=1<\/a><\/div>\n<\/div>\n<div><\/div>\n<div>Post publicado originalmente em: https:\/\/turismouepg.blogspot.com<\/div>\n","protected":false},"excerpt":{"rendered":"<p>Seguem links de alguns cap\u00edtulos do livro Patrim\u00f4nio Natural dos Campos Gerais, que teve cap\u00edtulos escritos em coautoria da Prof. Jasmine! Capitulo de livro:\u00a0 Unidades de Conserva\u00e7\u00e3o dos Campos Gerais http:\/\/ri.uepg.br:8080\/riuepg\/bitstream\/handle\/123456789\/465\/CAP%c3%8dTULO21_UnidadesConservacaoCampos.pdf?sequence=1 Cap\u00edtulo de livro:\u00a0 O patrim\u00f4nio natural dos Campos Gerais e a sustentabilidade regional http:\/\/ri.uepg.br:8080\/riuepg\/bitstream\/handle\/123456789\/467\/CAP%c3%8dTULO23_PatrimonioNaturalCampos.pdf?sequence=1 Capitulo de livro: Empreendimentos sustent\u00e1veis e patrim\u00f4nio natural e cultural&nbsp;&hellip;<\/p>\n","protected":false},"author":64,"featured_media":0,"comment_status":"closed","ping_status":"closed","sticky":false,"template":"","format":"standard","meta":[],"categories":[5],"tags":[],"_links":{"self":[{"href":"https:\/\/www2.uepg.br\/turismo\/wp-json\/wp\/v2\/posts\/374"}],"collection":[{"href":"https:\/\/www2.uepg.br\/turismo\/wp-json\/wp\/v2\/posts"}],"about":[{"href":"https:\/\/www2.uepg.br\/turismo\/wp-json\/wp\/v2\/types\/post"}],"author":[{"embeddable":true,"href":"https:\/\/www2.uepg.br\/turismo\/wp-json\/wp\/v2\/users\/64"}],"replies":[{"embeddable":true,"href":"https:\/\/www2.uepg.br\/turismo\/wp-json\/wp\/v2\/comments?post=374"}],"version-history":[{"count":3,"href":"https:\/\/www2.uepg.br\/turismo\/wp-json\/wp\/v2\/posts\/374\/revisions"}],"predecessor-version":[{"id":377,"href":"https:\/\/www2.uepg.br\/turismo\/wp-json\/wp\/v2\/posts\/374\/revisions\/377"}],"wp:attachment":[{"href":"https:\/\/www2.uepg.br\/turismo\/wp-json\/wp\/v2\/media?parent=374"}],"wp:term":[{"taxonomy":"category","embeddable":true,"href":"https:\/\/www2.uepg.br\/turismo\/wp-json\/wp\/v2\/categories?post=374"},{"taxonomy":"post_tag","embeddable":true,"href":"https:\/\/www2.uepg.br\/turismo\/wp-json\/wp\/v2\/tags?post=374"}],"curies":[{"name":"wp","href":"https:\/\/api.w.org\/{rel}","templated":true}]}}