{"id":397,"date":"2011-03-11T15:50:24","date_gmt":"2011-03-11T18:50:24","guid":{"rendered":"http:\/\/www2.uepg.br\/turismo\/?p=397"},"modified":"2021-03-09T13:02:59","modified_gmt":"2021-03-09T16:02:59","slug":"a-bicicleta-e-as-cidades","status":"publish","type":"post","link":"https:\/\/www2.uepg.br\/turismo\/a-bicicleta-e-as-cidades\/","title":{"rendered":"A Bicicleta e as cidades"},"content":{"rendered":"<p>Hoje recebemos do\u00a0<a href=\"http:\/\/www.energiaeambiente.org.br\/\">Instituto de Energia e Meio Ambiente<\/a> a publica\u00e7\u00e3o &#8220;<i>A Bicicleta e as cidades: Como inserir a bicicleta na pol\u00edtica de mobilidade urbana<\/i>&#8220;, a vers\u00e3o impressa est\u00e1 dispon\u00edvel no NETUR para quem quiser consultar. Voc\u00ea tamb\u00e9m pode baixar o arquivo <a href=\"http:\/\/www2.uepg.br\/turismo\/wp-content\/uploads\/sites\/21\/2020\/06\/A_bicicleta_e_as_cidades_2ed.pdf\">clicando aqui<\/a>!<\/p>\n<p>Post publicado originalmente em: https:\/\/turismouepg.blogspot.com<\/p>\n","protected":false},"excerpt":{"rendered":"<p>Hoje recebemos do\u00a0Instituto de Energia e Meio Ambiente a publica\u00e7\u00e3o &#8220;A Bicicleta e as cidades: Como inserir a bicicleta na pol\u00edtica de mobilidade urbana&#8220;, a vers\u00e3o impressa est\u00e1 dispon\u00edvel no NETUR para quem quiser consultar. Voc\u00ea tamb\u00e9m pode baixar o arquivo clicando aqui! Post publicado originalmente em: https:\/\/turismouepg.blogspot.com<\/p>\n","protected":false},"author":64,"featured_media":0,"comment_status":"closed","ping_status":"closed","sticky":false,"template":"","format":"standard","meta":[],"categories":[9,5],"tags":[],"_links":{"self":[{"href":"https:\/\/www2.uepg.br\/turismo\/wp-json\/wp\/v2\/posts\/397"}],"collection":[{"href":"https:\/\/www2.uepg.br\/turismo\/wp-json\/wp\/v2\/posts"}],"about":[{"href":"https:\/\/www2.uepg.br\/turismo\/wp-json\/wp\/v2\/types\/post"}],"author":[{"embeddable":true,"href":"https:\/\/www2.uepg.br\/turismo\/wp-json\/wp\/v2\/users\/64"}],"replies":[{"embeddable":true,"href":"https:\/\/www2.uepg.br\/turismo\/wp-json\/wp\/v2\/comments?post=397"}],"version-history":[{"count":1,"href":"https:\/\/www2.uepg.br\/turismo\/wp-json\/wp\/v2\/posts\/397\/revisions"}],"predecessor-version":[{"id":399,"href":"https:\/\/www2.uepg.br\/turismo\/wp-json\/wp\/v2\/posts\/397\/revisions\/399"}],"wp:attachment":[{"href":"https:\/\/www2.uepg.br\/turismo\/wp-json\/wp\/v2\/media?parent=397"}],"wp:term":[{"taxonomy":"category","embeddable":true,"href":"https:\/\/www2.uepg.br\/turismo\/wp-json\/wp\/v2\/categories?post=397"},{"taxonomy":"post_tag","embeddable":true,"href":"https:\/\/www2.uepg.br\/turismo\/wp-json\/wp\/v2\/tags?post=397"}],"curies":[{"name":"wp","href":"https:\/\/api.w.org\/{rel}","templated":true}]}}