{"id":278,"date":"2023-06-27T11:38:26","date_gmt":"2023-06-27T14:38:26","guid":{"rendered":"https:\/\/www2.uepg.br\/uati\/?p=278"},"modified":"2023-06-27T11:39:40","modified_gmt":"2023-06-27T14:39:40","slug":"podcast-pinturas-artisticas-especial-amalia-max","status":"publish","type":"post","link":"https:\/\/www2.uepg.br\/uati\/podcast-pinturas-artisticas-especial-amalia-max\/","title":{"rendered":"PodCast: Pinturas Art\u00edsticas &#8211; Especial Am\u00e1lia\u00a0Max"},"content":{"rendered":"<p>Em uma entrevista com a professora e tamb\u00e9m aluna da UATI, Edilce Justus, na Pr\u00f3 Reitoria de Extens\u00e3o e Assuntos Culturais (Proex), ela exalta a valoriza\u00e7\u00e3o das artes, em qualquer forma que ela for executada. Trazemos tamb\u00e9m a exposi\u00e7\u00e3o da artista Am\u00e1lia Max, na Proex. Uma artista de obras em preto e branco, com 25 produ\u00e7\u00f5es expostas at\u00e9 o dia 28\/06.<\/p>\n<p>&nbsp;<\/p>\n<p>Aqui voc\u00ea encontra entretenimento para a terceira idade. O podcast &#8220;A Voz da Sabedoria&#8221;, foi criado em uma parceria dos alunos Alisson Louzada e Alu\u00edzio Macedo, da Universidade Aberta da Terceira Idade, da cidade de Ponta Grossa-PR, a coordenadora do projeto, Rita de C\u00e1ssia e a estudante de Jornalismo da Universidade Estadual de Ponta Grossa, Annelise Santos.<\/p>\n<p>Epis\u00f3dios com especialistas e alunos para falar sobre sa\u00fade, bem-estar, esportes, m\u00fasica, cultura, turismo e entretenimento, direcionados para\u00a0a\u00a0melhor\u00a0idade.<\/p>\n<!--[if lt IE 9]><script>document.createElement('audio');<\/script><![endif]-->\n<audio class=\"wp-audio-shortcode\" id=\"audio-278-1\" preload=\"none\" style=\"width: 100%;\" controls=\"controls\"><source type=\"audio\/mpeg\" src=\"http:\/\/www2.uepg.br\/uati\/wp-content\/uploads\/sites\/178\/2023\/06\/podcast4.mp3?_=1\" \/><a href=\"http:\/\/www2.uepg.br\/uati\/wp-content\/uploads\/sites\/178\/2023\/06\/podcast4.mp3\">http:\/\/www2.uepg.br\/uati\/wp-content\/uploads\/sites\/178\/2023\/06\/podcast4.mp3<\/a><\/audio>\n","protected":false},"excerpt":{"rendered":"<p>Em uma entrevista com a professora e tamb\u00e9m aluna da UATI, Edilce Justus, na Pr\u00f3 Reitoria de Extens\u00e3o e Assuntos Culturais (Proex), ela exalta a valoriza\u00e7\u00e3o das artes, em qualquer forma que ela for executada. Trazemos tamb\u00e9m a exposi\u00e7\u00e3o da artista Am\u00e1lia Max, na Proex. Uma artista de obras em preto e branco, com 25&nbsp;&hellip;<\/p>\n","protected":false},"author":340,"featured_media":266,"comment_status":"closed","ping_status":"open","sticky":false,"template":"","format":"standard","meta":[],"categories":[2],"tags":[],"_links":{"self":[{"href":"https:\/\/www2.uepg.br\/uati\/wp-json\/wp\/v2\/posts\/278"}],"collection":[{"href":"https:\/\/www2.uepg.br\/uati\/wp-json\/wp\/v2\/posts"}],"about":[{"href":"https:\/\/www2.uepg.br\/uati\/wp-json\/wp\/v2\/types\/post"}],"author":[{"embeddable":true,"href":"https:\/\/www2.uepg.br\/uati\/wp-json\/wp\/v2\/users\/340"}],"replies":[{"embeddable":true,"href":"https:\/\/www2.uepg.br\/uati\/wp-json\/wp\/v2\/comments?post=278"}],"version-history":[{"count":1,"href":"https:\/\/www2.uepg.br\/uati\/wp-json\/wp\/v2\/posts\/278\/revisions"}],"predecessor-version":[{"id":280,"href":"https:\/\/www2.uepg.br\/uati\/wp-json\/wp\/v2\/posts\/278\/revisions\/280"}],"wp:featuredmedia":[{"embeddable":true,"href":"https:\/\/www2.uepg.br\/uati\/wp-json\/wp\/v2\/media\/266"}],"wp:attachment":[{"href":"https:\/\/www2.uepg.br\/uati\/wp-json\/wp\/v2\/media?parent=278"}],"wp:term":[{"taxonomy":"category","embeddable":true,"href":"https:\/\/www2.uepg.br\/uati\/wp-json\/wp\/v2\/categories?post=278"},{"taxonomy":"post_tag","embeddable":true,"href":"https:\/\/www2.uepg.br\/uati\/wp-json\/wp\/v2\/tags?post=278"}],"curies":[{"name":"wp","href":"https:\/\/api.w.org\/{rel}","templated":true}]}}