{"id":337,"date":"2024-12-16T12:09:25","date_gmt":"2024-12-16T15:09:25","guid":{"rendered":"https:\/\/www2.uepg.br\/uati\/?p=337"},"modified":"2024-12-16T12:09:25","modified_gmt":"2024-12-16T15:09:25","slug":"uati-uepg-e-apla-celebram-31-anos-da-apla-com-sarau-cultural","status":"publish","type":"post","link":"https:\/\/www2.uepg.br\/uati\/uati-uepg-e-apla-celebram-31-anos-da-apla-com-sarau-cultural\/","title":{"rendered":"UATI, UEPG e APLA celebram 31 anos da APLA com Sarau Cultural"},"content":{"rendered":"<p>No dia dois de Dezembro, o audit\u00f3rio central foi palco de um evento especial em parceria com a UEPG, a UATI e a APLA (Associa\u00e7\u00e3o Pontagrossense de Letras e Artes) para comemorar os 31 anos da APLA. A celebra\u00e7\u00e3o contou com um Sarau Cultural repleto de apresenta\u00e7\u00f5es de m\u00fasica, dan\u00e7a, teatro, poesia e outras manifesta\u00e7\u00f5es art\u00edsticas, proporcionando uma tarde de inspira\u00e7\u00e3o e alegria para todos os presentes.<\/p>\n<p>A APLA foi homenageada por sua significativa contribui\u00e7\u00e3o \u00e0 cultura local, e tamb\u00e9m aproveitou o momento para celebrar o anivers\u00e1rio da professora Dione Navarro, que brilhou no evento com sua presen\u00e7a. A celebra\u00e7\u00e3o refor\u00e7ou o compromisso com a promo\u00e7\u00e3o da arte, cultura e uni\u00e3o na cidade.<\/p>\n","protected":false},"excerpt":{"rendered":"<p>No dia dois de Dezembro, o audit\u00f3rio central foi palco de um evento especial em parceria com a UEPG, a UATI e a APLA (Associa\u00e7\u00e3o Pontagrossense de Letras e Artes) para comemorar os 31 anos da APLA. A celebra\u00e7\u00e3o contou com um Sarau Cultural repleto de apresenta\u00e7\u00f5es de m\u00fasica, dan\u00e7a, teatro, poesia e outras manifesta\u00e7\u00f5es&nbsp;&hellip;<\/p>\n","protected":false},"author":341,"featured_media":338,"comment_status":"closed","ping_status":"open","sticky":false,"template":"","format":"standard","meta":[],"categories":[2],"tags":[],"_links":{"self":[{"href":"https:\/\/www2.uepg.br\/uati\/wp-json\/wp\/v2\/posts\/337"}],"collection":[{"href":"https:\/\/www2.uepg.br\/uati\/wp-json\/wp\/v2\/posts"}],"about":[{"href":"https:\/\/www2.uepg.br\/uati\/wp-json\/wp\/v2\/types\/post"}],"author":[{"embeddable":true,"href":"https:\/\/www2.uepg.br\/uati\/wp-json\/wp\/v2\/users\/341"}],"replies":[{"embeddable":true,"href":"https:\/\/www2.uepg.br\/uati\/wp-json\/wp\/v2\/comments?post=337"}],"version-history":[{"count":1,"href":"https:\/\/www2.uepg.br\/uati\/wp-json\/wp\/v2\/posts\/337\/revisions"}],"predecessor-version":[{"id":339,"href":"https:\/\/www2.uepg.br\/uati\/wp-json\/wp\/v2\/posts\/337\/revisions\/339"}],"wp:featuredmedia":[{"embeddable":true,"href":"https:\/\/www2.uepg.br\/uati\/wp-json\/wp\/v2\/media\/338"}],"wp:attachment":[{"href":"https:\/\/www2.uepg.br\/uati\/wp-json\/wp\/v2\/media?parent=337"}],"wp:term":[{"taxonomy":"category","embeddable":true,"href":"https:\/\/www2.uepg.br\/uati\/wp-json\/wp\/v2\/categories?post=337"},{"taxonomy":"post_tag","embeddable":true,"href":"https:\/\/www2.uepg.br\/uati\/wp-json\/wp\/v2\/tags?post=337"}],"curies":[{"name":"wp","href":"https:\/\/api.w.org\/{rel}","templated":true}]}}